{"id":10433,"date":"2023-06-20T11:23:21","date_gmt":"2023-06-20T16:23:21","guid":{"rendered":"https:\/\/www.elamazonico.com\/portal\/?p=10433"},"modified":"2023-06-20T11:23:21","modified_gmt":"2023-06-20T16:23:21","slug":"alausi-se-declarara-camposanto","status":"publish","type":"post","link":"https:\/\/www.elamazonico.com\/portal\/alausi-se-declarara-camposanto\/","title":{"rendered":"Alaus\u00ed: se declarar\u00e1 \u201ccamposanto\u201d"},"content":{"rendered":"<p class=\"tmzr-el\">La Municipalidad de Alaus\u00ed declarar\u00e1 como\u00a0<strong>\u201ccamposanto\u201d<\/strong>\u00a0la\u00a0<strong>zona cero\u00a0<\/strong>del macrodeslizamiento. La medida se adoptar\u00e1 tras dar por finalizado el s\u00e1bado 17 de junio de 2023, las labores de b\u00fasqueda y\u00a0<strong>recuperaci\u00f3n de los cuerpos<\/strong>.<\/p>\n<p class=\"tmzr-el\">De acuerdo con Remigio Rold\u00e1n, alcalde de Alaus\u00ed, se dio por terminada la b\u00fasqueda por seguridad de los integrantes de los organismos de socorro porque se presentan nuevos deslizamientos a pesar de que se estima que unas diez v\u00edctimas a\u00fan se encuentran entre los escombros.<\/p>\n<p class=\"tmzr-el\">La administraci\u00f3n municipal efectuar\u00e1 en los pr\u00f3ximos d\u00edas trabajos de mitigaci\u00f3n en la monta\u00f1a, adem\u00e1s de obras para recuperar la conectividad por la zona.<\/p>\n<h2 id=\"h-resultados\" class=\"wp-block-heading\">Resultados<\/h2>\n<ul>\n<li>Cuerpos recuperados 65<\/li>\n<li>Personas desaparecidas 10<\/li>\n<li>Personas damnificadas 1.034<\/li>\n<li>Viviendas afectadas 163<\/li>\n<li>Viviendas destruidas 57<\/li>\n<\/ul>\n<h2 class=\"wp-block-heading\">D\u00eda del deslizamiento<\/h2>\n<p class=\"tmzr-el aBigClassNameToAvoidCollisionInText aBigClassNameToAvoidCollisionInText\">Un gran manto de tierra cubri\u00f3 el 26 de marzo del presente a\u00f1o por lo menos cuatro barrios y puso en riesgo otros sectores del cant\u00f3n. Los organismos de socorro de diferentes provincias del pa\u00eds trabajaron a partir de entonces juntos bajo la vigilia de las familias de las v\u00edctimas.<\/p>\n<p class=\"tmzr-el\">Muchos comentarios de que todo Alaus\u00ed se encuentra en peligro\u201d, eran las palabras de los ciudadanos como\u00a0<strong>Manuel Llauc\u00e1n<\/strong>, un lustrabotas de la avenida 5 de Junio, quien es\u00a0<strong>testigo de c\u00f3mo los negocios cierran sus puertas tras el macrodeslizamiento<\/strong>.<\/p>\n<p class=\"tmzr-el\">El\u00a0<strong>hombre labora desde hace ocho a\u00f1os en esta arteria vial.<\/strong>\u00a0Recuerda que\u00a0<strong>antes del deslave se ve\u00eda una gran cantidad de personas\u00a0<\/strong>que ingresaban a las entidades financieras, farmacias, entre otros negocios. Ahora, el\u00a0<strong>panorama ha cambiado de forma dr\u00e1stica<\/strong>.<\/p>\n<p class=\"tmzr-el\">\u201c<strong>Si tuviera a donde ir, yo tambi\u00e9n me fuera por el miedo que vivimos<\/strong>\u201d, comenta Manuel cuando asegura que existen muchas personas del cant\u00f3n que est\u00e1n migrando a Riobamba, Quito y Chunchi.<\/p>\n","protected":false},"excerpt":{"rendered":"<p>La Municipalidad de Alaus\u00ed declarar\u00e1 como\u00a0\u201ccamposanto\u201d\u00a0la\u00a0zona cero\u00a0del macrodeslizamiento. La medida se adoptar\u00e1 tras dar por finalizado el s\u00e1bado 17 de junio de 2023, las labores de b\u00fasqueda y\u00a0recuperaci\u00f3n de los cuerpos. De acuerdo con Remigio Rold\u00e1n, alcalde de Alaus\u00ed, se dio por terminada la b\u00fasqueda por seguridad de los integrantes de los organismos de socorro porque se presentan nuevos deslizamientos a pesar de que se estima que unas diez v\u00edctimas a\u00fan se encuentran entre los escombros. La administraci\u00f3n municipal efectuar\u00e1 en los pr\u00f3ximos d\u00edas trabajos de mitigaci\u00f3n en la monta\u00f1a, adem\u00e1s de obras para recuperar la conectividad por la zona. Resultados Cuerpos recuperados 65 Personas desaparecidas 10 Personas damnificadas 1.034 Viviendas afectadas 163 Viviendas destruidas 57 D\u00eda del deslizamiento Un gran manto de tierra cubri\u00f3 el 26 de marzo del presente a\u00f1o por lo menos cuatro barrios y puso en riesgo otros sectores del cant\u00f3n. Los organismos de socorro de diferentes provincias del pa\u00eds trabajaron a partir de entonces juntos bajo la vigilia de las familias de las v\u00edctimas. Muchos comentarios de que todo Alaus\u00ed se encuentra en peligro\u201d, eran las palabras de los ciudadanos como\u00a0Manuel Llauc\u00e1n, un lustrabotas de la avenida 5 de Junio, quien es\u00a0testigo de c\u00f3mo los negocios cierran sus puertas tras el macrodeslizamiento. El\u00a0hombre labora desde hace ocho a\u00f1os en esta arteria vial.\u00a0Recuerda que\u00a0antes del deslave se ve\u00eda una gran cantidad de personas\u00a0que ingresaban a las entidades financieras, farmacias, entre otros negocios. Ahora, el\u00a0panorama ha cambiado de forma dr\u00e1stica. \u201cSi tuviera a donde ir, yo tambi\u00e9n me fuera por el miedo que vivimos\u201d, comenta Manuel cuando asegura que existen muchas personas del cant\u00f3n que est\u00e1n migrando a Riobamba, Quito y Chunchi.<\/p>\n","protected":false},"author":1,"featured_media":10434,"comment_status":"open","ping_status":"open","sticky":false,"template":"","format":"standard","meta":{"footnotes":""},"categories":[268],"tags":[],"class_list":["post-10433","post","type-post","status-publish","format-standard","has-post-thumbnail","hentry","category-nacionales"],"_links":{"self":[{"href":"https:\/\/www.elamazonico.com\/portal\/wp-json\/wp\/v2\/posts\/10433","targetHints":{"allow":["GET"]}}],"collection":[{"href":"https:\/\/www.elamazonico.com\/portal\/wp-json\/wp\/v2\/posts"}],"about":[{"href":"https:\/\/www.elamazonico.com\/portal\/wp-json\/wp\/v2\/types\/post"}],"author":[{"embeddable":true,"href":"https:\/\/www.elamazonico.com\/portal\/wp-json\/wp\/v2\/users\/1"}],"replies":[{"embeddable":true,"href":"https:\/\/www.elamazonico.com\/portal\/wp-json\/wp\/v2\/comments?post=10433"}],"version-history":[{"count":1,"href":"https:\/\/www.elamazonico.com\/portal\/wp-json\/wp\/v2\/posts\/10433\/revisions"}],"predecessor-version":[{"id":10435,"href":"https:\/\/www.elamazonico.com\/portal\/wp-json\/wp\/v2\/posts\/10433\/revisions\/10435"}],"wp:featuredmedia":[{"embeddable":true,"href":"https:\/\/www.elamazonico.com\/portal\/wp-json\/wp\/v2\/media\/10434"}],"wp:attachment":[{"href":"https:\/\/www.elamazonico.com\/portal\/wp-json\/wp\/v2\/media?parent=10433"}],"wp:term":[{"taxonomy":"category","embeddable":true,"href":"https:\/\/www.elamazonico.com\/portal\/wp-json\/wp\/v2\/categories?post=10433"},{"taxonomy":"post_tag","embeddable":true,"href":"https:\/\/www.elamazonico.com\/portal\/wp-json\/wp\/v2\/tags?post=10433"}],"curies":[{"name":"wp","href":"https:\/\/api.w.org\/{rel}","templated":true}]}}