{"id":10322,"date":"2023-06-13T07:09:25","date_gmt":"2023-06-13T12:09:25","guid":{"rendered":"https:\/\/www.elamazonico.com\/portal\/?p=10322"},"modified":"2023-06-13T07:09:25","modified_gmt":"2023-06-13T12:09:25","slug":"jovenes-del-san-francisco-de-asis-lograron-el-tercer-lugar-en-fiestas-de-corpus-cristi-en-pujili","status":"publish","type":"post","link":"https:\/\/www.elamazonico.com\/portal\/jovenes-del-san-francisco-de-asis-lograron-el-tercer-lugar-en-fiestas-de-corpus-cristi-en-pujili\/","title":{"rendered":"J\u00f3venes del San Francisco de As\u00eds lograron el tercer lugar en fiestas de Corpus Cristi en Pujil\u00ed"},"content":{"rendered":"<p>El Ballet Folcl\u00f3rico \u201cSan Francisco\u201d, es un grupo de danza perteneciente a la Unidad Educativa \u201cSan Francisco de As\u00eds\u201d, que represent\u00f3 a la convocatoria nacional hecha al gobierno aut\u00f3nomo descentralizado del cant\u00f3n Zamora, para participar en las 8VAS Festividades del Corpus Cristi celebrada cada a\u00f1o en el cant\u00f3 Pujil\u00ed, provincia del Cotopaxi.<\/p>\n<p>Los tres primeros lugares quedaron de la siguiente manera: primer lugar: Danzante de Oro, Ballet Folcl\u00f3rico Nacional Qhapaq-\u00d1am, representando al Municipio de Loja; segundo lugar: Danzante de Plata, Ballet folcl\u00f3rico Nina Wila, representando al gad de Tulc\u00e1n y el Danzante de Bronce, Ballet Folcl\u00f3rico \u201cSan Francisco\u201d, representando al gad de Zamora, de 80 equipos participantes a nivel nacional e internacional.<\/p>\n<p>Pujil\u00ed es un patrimonio intangible de la cultura a nivel nacional y mundial por lo eventos culturales que se realiza y los grupos danc\u00edsticos que asisten ah\u00ed. En esta ocasi\u00f3n, los pujilenses vivieron de estas festividades vestidas de coloridos y distintas culturas y expresiones danc\u00edsticas, expresadas y profesando su fe.<\/p>\n<p><strong>Preparaci\u00f3n del Ballet Folcl\u00f3rico \u201cSan Francisco\u201d<\/strong><\/p>\n<p>Seg\u00fan Jorge Camacho, docente de la instituci\u00f3n y quien prepar\u00f3 al grupo de danza, trabajaron arduamente, incluso fines de semana y feriados. En d\u00edas anteriores, incluso entrenaron hasta sin iluminaci\u00f3n, pero eso no fue un impedimento para conseguir este logro obtenido, siendo la primera vez que concursan a nivel nacional.<\/p>\n<p>Los j\u00f3venes que pertenecen al grupo dieron todo, a pesar del clima frio de este cant\u00f3n de la Sierra. Adem\u00e1s, se sintieron a gusto con la gente pujilense porque los animaban y el entorno se centr\u00f3 en la demostraci\u00f3n de cultura, desde las danzas aut\u00f3ctonas hasta los de otras provincias y pa\u00edses.<\/p>\n<p>Particip\u00f3 una delegaci\u00f3n de 25 personas entre participantes y log\u00edstica. Se destaca el apoyo constante de la Unidad Educativa \u201cSan Francisco\u201d que viene generando cultura a trav\u00e9s de sus estudiantes y personal docente. El esfuerzo ha sido arduo porque no poseen recursos y los deben buscar a trav\u00e9s de autogesti\u00f3n.<\/p>\n<p>\u201cDespu\u00e9s de esto, se vienen otros eventos como las Fiestas de Guaranda, La Mama Negra, Inti Raymi, las Fiestas de Latacunga el pr\u00f3ximo a\u00f1o\u201d, dijo Camacho y que, para cumplir con todas las actividades, ellos alquilan el vestuario. Los recursos para pagar los gastos los han obtenido a trav\u00e9s de autogesti\u00f3n, recurriendo al municipio, prefectura o empresas privadas, pese a que no han tenido el apoyo de algunos sectores.<\/p>\n<p>Arelis Armijos, forma parte de este grupo de daza, asegura que fue su primera experiencia ya que se integr\u00f3 al grupo recientemente. Caracteriza como una experiencia agradable al encontrarse con diferentes culturas en este espacio. Pusieron su gran esfuerzo porque participaron en alrededor de tres horas y media de baile recorriendo varios puntos, partiendo desde la Unidad Educativa \u201cBelisario Quevedo\u201d hasta el coliseo mayor \u201cWalter Arroyo\u201d de Pujil\u00ed.<\/p>\n<p>\u201cPara nosotros es una alegr\u00eda ver a un grupo importante que conforma la danza de la Unidad Educativa \u201cSan Francisco de As\u00eds\u201d, que ha dejado el nombre de Zamora en alto a nivel nacional e internacional\u201d, expuso el alcalde del cant\u00f3n Zamora, Manuel Gonz\u00e1lez y quien una vez m\u00e1s se compromete a seguir apoy\u00e1ndolos por haber obtenido estos grandes resultados.<\/p>\n<p>La autoridad municipal agradece al equipo t\u00e9cnico, estudiantes que participaron y padres de familia por el trabajo coordinado. Entre los anuncios importantes del alcalde est\u00e1 la donaci\u00f3n del terreno para la construcci\u00f3n de la edificaci\u00f3n de las nuevas instalaciones para la formaci\u00f3n de los estudiantes en todos sus niveles de estudio.<\/p>\n","protected":false},"excerpt":{"rendered":"<p>El Ballet Folcl\u00f3rico \u201cSan Francisco\u201d, es un grupo de danza perteneciente a la Unidad Educativa \u201cSan Francisco de As\u00eds\u201d, que represent\u00f3 a la convocatoria nacional hecha al gobierno aut\u00f3nomo descentralizado del cant\u00f3n Zamora, para participar en las 8VAS Festividades del Corpus Cristi celebrada cada a\u00f1o en el cant\u00f3 Pujil\u00ed, provincia del Cotopaxi. Los tres primeros lugares quedaron de la siguiente manera: primer lugar: Danzante de Oro, Ballet Folcl\u00f3rico Nacional Qhapaq-\u00d1am, representando al Municipio de Loja; segundo lugar: Danzante de Plata, Ballet folcl\u00f3rico Nina Wila, representando al gad de Tulc\u00e1n y el Danzante de Bronce, Ballet Folcl\u00f3rico \u201cSan Francisco\u201d, representando al gad de Zamora, de 80 equipos participantes a nivel nacional e internacional. Pujil\u00ed es un patrimonio intangible de la cultura a nivel nacional y mundial por lo eventos culturales que se realiza y los grupos danc\u00edsticos que asisten ah\u00ed. En esta ocasi\u00f3n, los pujilenses vivieron de estas festividades vestidas de coloridos y distintas culturas y expresiones danc\u00edsticas, expresadas y profesando su fe. Preparaci\u00f3n del Ballet Folcl\u00f3rico \u201cSan Francisco\u201d Seg\u00fan Jorge Camacho, docente de la instituci\u00f3n y quien prepar\u00f3 al grupo de danza, trabajaron arduamente, incluso fines de semana y feriados. En d\u00edas anteriores, incluso entrenaron hasta sin iluminaci\u00f3n, pero eso no fue un impedimento para conseguir este logro obtenido, siendo la primera vez que concursan a nivel nacional. Los j\u00f3venes que pertenecen al grupo dieron todo, a pesar del clima frio de este cant\u00f3n de la Sierra. Adem\u00e1s, se sintieron a gusto con la gente pujilense porque los animaban y el entorno se centr\u00f3 en la demostraci\u00f3n de cultura, desde las danzas aut\u00f3ctonas hasta los de otras provincias y pa\u00edses. Particip\u00f3 una delegaci\u00f3n de 25 personas entre participantes y log\u00edstica. Se destaca el apoyo constante de la Unidad Educativa \u201cSan Francisco\u201d que viene generando cultura a trav\u00e9s de sus estudiantes y personal docente. El esfuerzo ha sido arduo porque no poseen recursos y los deben buscar a trav\u00e9s de autogesti\u00f3n. \u201cDespu\u00e9s de esto, se vienen otros eventos como las Fiestas de Guaranda, La Mama Negra, Inti Raymi, las Fiestas de Latacunga el pr\u00f3ximo a\u00f1o\u201d, dijo Camacho y que, para cumplir con todas las actividades, ellos alquilan el vestuario. Los recursos para pagar los gastos los han obtenido a trav\u00e9s de autogesti\u00f3n, recurriendo al municipio, prefectura o empresas privadas, pese a que no han tenido el apoyo de algunos sectores. Arelis Armijos, forma parte de este grupo de daza, asegura que fue su primera experiencia ya que se integr\u00f3 al grupo recientemente. Caracteriza como una experiencia agradable al encontrarse con diferentes culturas en este espacio. Pusieron su gran esfuerzo porque participaron en alrededor de tres horas y media de baile recorriendo varios puntos, partiendo desde la Unidad Educativa \u201cBelisario Quevedo\u201d hasta el coliseo mayor \u201cWalter Arroyo\u201d de Pujil\u00ed. \u201cPara nosotros es una alegr\u00eda ver a un grupo importante que conforma la danza de la Unidad Educativa \u201cSan Francisco de As\u00eds\u201d, que ha dejado el nombre de Zamora en alto a nivel nacional e internacional\u201d, expuso el alcalde del cant\u00f3n Zamora, Manuel Gonz\u00e1lez y quien una vez m\u00e1s se compromete a seguir apoy\u00e1ndolos por haber obtenido estos grandes resultados. La autoridad municipal agradece al equipo t\u00e9cnico, estudiantes que participaron y padres de familia por el trabajo coordinado. Entre los anuncios importantes del alcalde est\u00e1 la donaci\u00f3n del terreno para la construcci\u00f3n de la edificaci\u00f3n de las nuevas instalaciones para la formaci\u00f3n de los estudiantes en todos sus niveles de estudio.<\/p>\n","protected":false},"author":1,"featured_media":10323,"comment_status":"open","ping_status":"open","sticky":false,"template":"","format":"standard","meta":{"footnotes":""},"categories":[243],"tags":[],"class_list":["post-10322","post","type-post","status-publish","format-standard","has-post-thumbnail","hentry","category-noticias-zamora"],"_links":{"self":[{"href":"https:\/\/www.elamazonico.com\/portal\/wp-json\/wp\/v2\/posts\/10322","targetHints":{"allow":["GET"]}}],"collection":[{"href":"https:\/\/www.elamazonico.com\/portal\/wp-json\/wp\/v2\/posts"}],"about":[{"href":"https:\/\/www.elamazonico.com\/portal\/wp-json\/wp\/v2\/types\/post"}],"author":[{"embeddable":true,"href":"https:\/\/www.elamazonico.com\/portal\/wp-json\/wp\/v2\/users\/1"}],"replies":[{"embeddable":true,"href":"https:\/\/www.elamazonico.com\/portal\/wp-json\/wp\/v2\/comments?post=10322"}],"version-history":[{"count":1,"href":"https:\/\/www.elamazonico.com\/portal\/wp-json\/wp\/v2\/posts\/10322\/revisions"}],"predecessor-version":[{"id":10324,"href":"https:\/\/www.elamazonico.com\/portal\/wp-json\/wp\/v2\/posts\/10322\/revisions\/10324"}],"wp:featuredmedia":[{"embeddable":true,"href":"https:\/\/www.elamazonico.com\/portal\/wp-json\/wp\/v2\/media\/10323"}],"wp:attachment":[{"href":"https:\/\/www.elamazonico.com\/portal\/wp-json\/wp\/v2\/media?parent=10322"}],"wp:term":[{"taxonomy":"category","embeddable":true,"href":"https:\/\/www.elamazonico.com\/portal\/wp-json\/wp\/v2\/categories?post=10322"},{"taxonomy":"post_tag","embeddable":true,"href":"https:\/\/www.elamazonico.com\/portal\/wp-json\/wp\/v2\/tags?post=10322"}],"curies":[{"name":"wp","href":"https:\/\/api.w.org\/{rel}","templated":true}]}}