{"id":10241,"date":"2023-06-05T04:52:42","date_gmt":"2023-06-05T09:52:42","guid":{"rendered":"https:\/\/www.elamazonico.com\/portal\/?p=10241"},"modified":"2023-06-04T15:54:54","modified_gmt":"2023-06-04T20:54:54","slug":"mies-celebro-el-dia-del-nino-con-los-centros-de-desarrollo-infantil","status":"publish","type":"post","link":"https:\/\/www.elamazonico.com\/portal\/mies-celebro-el-dia-del-nino-con-los-centros-de-desarrollo-infantil\/","title":{"rendered":"MIES celebr\u00f3 el d\u00eda del ni\u00f1o con los Centros de Desarrollo Infantil"},"content":{"rendered":"<p>El d\u00eda del ni\u00f1o es una celebraci\u00f3n que cada a\u00f1o se realiza el primero de junio para visibilizar la necesidad de un sano desarrollo, y especialmente para sensibilizar a los padres de familia y a la sociedad del cuidado y brindar una infancia plena garantizando los derechos de las personas en los primeros a\u00f1os de vida.<\/p>\n<p>En los principios esta brindarles protecci\u00f3n y una educaci\u00f3n de calidad. Para ello, existen algunas Organizaciones No Gubernamentales (ONG) que contribuyen con recursos para los ni\u00f1os y ni\u00f1as m\u00e1s desprotegidos. Este 1 de junio, en todas las escuelas de educaci\u00f3n b\u00e1sica, Centros de Desarrollo Infantil (CDI), se festej\u00f3 junto a los m\u00e1s peque\u00f1os.<\/p>\n<p>En Zamora Chinchipe, en la capital provincial, se llev\u00f3 a cabo un evento realizado por parte del Ministerio de Inclusi\u00f3n Econ\u00f3mica y Social en las inmediaciones del Parque Lineal con diversas actividades como: danzas, artistas en vivo, juegos, y mucho m\u00e1s con la finalidad que los ni\u00f1os compartan con sus padres y las personas que brindan sus servicios en los diferentes CDI.<\/p>\n<p>Leticia Jim\u00e9nez coordinadora provincial del MIES en Zamora Chinchipe expuso: \u201cen este d\u00eda hemos preparado un evento para todos los ni\u00f1os de la provincia\u201d, y dio a conocer que la instituci\u00f3n atiende a 2.243 ni\u00f1os con convenios y de forma directa.<\/p>\n<p>Acudieron ni\u00f1os de diferentes sectores para participar de esta celebraci\u00f3n y en compa\u00f1\u00eda de sus padres. Es un trabajo conjunto entre las personas que brindan sus servicios en los diferentes CDI y los padres de familia para velar por el crecimiento, cuidado y desarrollo de los infantes.<\/p>\n<p>Al evento asistieron alrededor de 700 ni\u00f1os que se llev\u00f3 a cabo el d\u00eda viernes 2 de mayo. Como instituci\u00f3n reconocen que es su deber dar a conocer el trabajo que llevan adelante con todos los ni\u00f1os de la provincia, adultos mayores, personas con discapacidad y lo hacen con toda la predisposici\u00f3n, as\u00ed lo dejaron ver en este evento que cont\u00f3 con la presencia de varios emprendimientos durante esta fecha especial.<\/p>\n<p>Por su parte, Manuel Gonz\u00e1lez, alcalde de Zamora, inform\u00f3 a la colectividad que realizaron a las 19h00, el d\u00eda jueves 1 de junio un evento donde participaron los infantes del cant\u00f3n, con diferentes actividades como como el encendido de las luces cerca al antiguo EMCEPTUR.<\/p>\n<p>El municipio de Zamora mantiene un convenio con el MIES para aportar con recursos econ\u00f3micos. Aparte de entregar los recursos a algunos CDI, tambi\u00e9n lo hacen con la casa de acogimiento a ni\u00f1os desprotegidos y en esta nueva administraci\u00f3n el burgomaestre ratifica el compromiso de continuar trabajando.<\/p>\n<p>Finalmente, Estefan\u00eda Agreda, comisar\u00eda de Polic\u00eda de Zamora Chinchipe, quien represent\u00f3 a Absal\u00f3n Campoverde, gobernador, dijo que han coordinado con los entes de control a esta festividad porque los ni\u00f1os son el espejo del mundo y la base fundamental de la sociedad, educ\u00e1ndolos y form\u00e1ndolos para servir a la sociedad.<\/p>\n","protected":false},"excerpt":{"rendered":"<p>El d\u00eda del ni\u00f1o es una celebraci\u00f3n que cada a\u00f1o se realiza el primero de junio para visibilizar la necesidad de un sano desarrollo, y especialmente para sensibilizar a los padres de familia y a la sociedad del cuidado y brindar una infancia plena garantizando los derechos de las personas en los primeros a\u00f1os de vida. En los principios esta brindarles protecci\u00f3n y una educaci\u00f3n de calidad. Para ello, existen algunas Organizaciones No Gubernamentales (ONG) que contribuyen con recursos para los ni\u00f1os y ni\u00f1as m\u00e1s desprotegidos. Este 1 de junio, en todas las escuelas de educaci\u00f3n b\u00e1sica, Centros de Desarrollo Infantil (CDI), se festej\u00f3 junto a los m\u00e1s peque\u00f1os. En Zamora Chinchipe, en la capital provincial, se llev\u00f3 a cabo un evento realizado por parte del Ministerio de Inclusi\u00f3n Econ\u00f3mica y Social en las inmediaciones del Parque Lineal con diversas actividades como: danzas, artistas en vivo, juegos, y mucho m\u00e1s con la finalidad que los ni\u00f1os compartan con sus padres y las personas que brindan sus servicios en los diferentes CDI. Leticia Jim\u00e9nez coordinadora provincial del MIES en Zamora Chinchipe expuso: \u201cen este d\u00eda hemos preparado un evento para todos los ni\u00f1os de la provincia\u201d, y dio a conocer que la instituci\u00f3n atiende a 2.243 ni\u00f1os con convenios y de forma directa. Acudieron ni\u00f1os de diferentes sectores para participar de esta celebraci\u00f3n y en compa\u00f1\u00eda de sus padres. Es un trabajo conjunto entre las personas que brindan sus servicios en los diferentes CDI y los padres de familia para velar por el crecimiento, cuidado y desarrollo de los infantes. Al evento asistieron alrededor de 700 ni\u00f1os que se llev\u00f3 a cabo el d\u00eda viernes 2 de mayo. Como instituci\u00f3n reconocen que es su deber dar a conocer el trabajo que llevan adelante con todos los ni\u00f1os de la provincia, adultos mayores, personas con discapacidad y lo hacen con toda la predisposici\u00f3n, as\u00ed lo dejaron ver en este evento que cont\u00f3 con la presencia de varios emprendimientos durante esta fecha especial. Por su parte, Manuel Gonz\u00e1lez, alcalde de Zamora, inform\u00f3 a la colectividad que realizaron a las 19h00, el d\u00eda jueves 1 de junio un evento donde participaron los infantes del cant\u00f3n, con diferentes actividades como como el encendido de las luces cerca al antiguo EMCEPTUR. El municipio de Zamora mantiene un convenio con el MIES para aportar con recursos econ\u00f3micos. Aparte de entregar los recursos a algunos CDI, tambi\u00e9n lo hacen con la casa de acogimiento a ni\u00f1os desprotegidos y en esta nueva administraci\u00f3n el burgomaestre ratifica el compromiso de continuar trabajando. Finalmente, Estefan\u00eda Agreda, comisar\u00eda de Polic\u00eda de Zamora Chinchipe, quien represent\u00f3 a Absal\u00f3n Campoverde, gobernador, dijo que han coordinado con los entes de control a esta festividad porque los ni\u00f1os son el espejo del mundo y la base fundamental de la sociedad, educ\u00e1ndolos y form\u00e1ndolos para servir a la sociedad.<\/p>\n","protected":false},"author":1,"featured_media":10242,"comment_status":"open","ping_status":"open","sticky":false,"template":"","format":"standard","meta":{"footnotes":""},"categories":[243],"tags":[],"class_list":["post-10241","post","type-post","status-publish","format-standard","has-post-thumbnail","hentry","category-noticias-zamora"],"_links":{"self":[{"href":"https:\/\/www.elamazonico.com\/portal\/wp-json\/wp\/v2\/posts\/10241","targetHints":{"allow":["GET"]}}],"collection":[{"href":"https:\/\/www.elamazonico.com\/portal\/wp-json\/wp\/v2\/posts"}],"about":[{"href":"https:\/\/www.elamazonico.com\/portal\/wp-json\/wp\/v2\/types\/post"}],"author":[{"embeddable":true,"href":"https:\/\/www.elamazonico.com\/portal\/wp-json\/wp\/v2\/users\/1"}],"replies":[{"embeddable":true,"href":"https:\/\/www.elamazonico.com\/portal\/wp-json\/wp\/v2\/comments?post=10241"}],"version-history":[{"count":1,"href":"https:\/\/www.elamazonico.com\/portal\/wp-json\/wp\/v2\/posts\/10241\/revisions"}],"predecessor-version":[{"id":10243,"href":"https:\/\/www.elamazonico.com\/portal\/wp-json\/wp\/v2\/posts\/10241\/revisions\/10243"}],"wp:featuredmedia":[{"embeddable":true,"href":"https:\/\/www.elamazonico.com\/portal\/wp-json\/wp\/v2\/media\/10242"}],"wp:attachment":[{"href":"https:\/\/www.elamazonico.com\/portal\/wp-json\/wp\/v2\/media?parent=10241"}],"wp:term":[{"taxonomy":"category","embeddable":true,"href":"https:\/\/www.elamazonico.com\/portal\/wp-json\/wp\/v2\/categories?post=10241"},{"taxonomy":"post_tag","embeddable":true,"href":"https:\/\/www.elamazonico.com\/portal\/wp-json\/wp\/v2\/tags?post=10241"}],"curies":[{"name":"wp","href":"https:\/\/api.w.org\/{rel}","templated":true}]}}