{"id":10201,"date":"2023-06-02T10:45:24","date_gmt":"2023-06-02T15:45:24","guid":{"rendered":"https:\/\/www.elamazonico.com\/portal\/?p=10201"},"modified":"2023-06-02T10:45:24","modified_gmt":"2023-06-02T15:45:24","slug":"incendian-la-unidad-judicial-civil-de-la-judicatura-en-esmeraldas","status":"publish","type":"post","link":"https:\/\/www.elamazonico.com\/portal\/incendian-la-unidad-judicial-civil-de-la-judicatura-en-esmeraldas\/","title":{"rendered":"Incendian la Unidad Judicial Civil de la Judicatura en Esmeraldas"},"content":{"rendered":"<p>El Consejo de la Judicatura report\u00f3 que una de sus unidades sufri\u00f3 un ataque y se incendi\u00f3. El hecho habr\u00eda ocurrido este viernes, 02 de junio de 2023, en la provincia de Esmeraldas.<\/p>\n<p>A trav\u00e9s de su cuenta de Twitter, la entidad rechaz\u00f3 \u201clos ataques a la Funci\u00f3n Judicial\u201d y public\u00f3 una fotograf\u00eda. En ella, se observa al presidente Wilman Ter\u00e1n en medio de una habitaci\u00f3n negra y con objetos destruidos.<\/p>\n<p>Este no es el primer ataque contra este organismo, el pasado 17 de marzo en su edificio matriz, en Quito, se registr\u00f3 una alerta de bomba. Lo mismo ocurri\u00f3 el 11 de mayo en Pichincha, Manab\u00ed e Imbabura y el 24 de mayo en Quevedo.<\/p>\n<p>\u201cNADA\u00a0 va a amedrentar a la Funci\u00f3n Judicial. Estamos firmes por la paz, justicia y verdad cueste lo que cueste\u201d, enfatiz\u00f3. (I)<\/p>\n<p>Fuente: El Tel\u00e9grtafo<\/p>\n","protected":false},"excerpt":{"rendered":"<p>El Consejo de la Judicatura report\u00f3 que una de sus unidades sufri\u00f3 un ataque y se incendi\u00f3. El hecho habr\u00eda ocurrido este viernes, 02 de junio de 2023, en la provincia de Esmeraldas. A trav\u00e9s de su cuenta de Twitter, la entidad rechaz\u00f3 \u201clos ataques a la Funci\u00f3n Judicial\u201d y public\u00f3 una fotograf\u00eda. En ella, se observa al presidente Wilman Ter\u00e1n en medio de una habitaci\u00f3n negra y con objetos destruidos. Este no es el primer ataque contra este organismo, el pasado 17 de marzo en su edificio matriz, en Quito, se registr\u00f3 una alerta de bomba. Lo mismo ocurri\u00f3 el 11 de mayo en Pichincha, Manab\u00ed e Imbabura y el 24 de mayo en Quevedo. \u201cNADA\u00a0 va a amedrentar a la Funci\u00f3n Judicial. Estamos firmes por la paz, justicia y verdad cueste lo que cueste\u201d, enfatiz\u00f3. (I) Fuente: El Tel\u00e9grtafo<\/p>\n","protected":false},"author":1,"featured_media":10202,"comment_status":"open","ping_status":"open","sticky":false,"template":"","format":"standard","meta":{"footnotes":""},"categories":[268],"tags":[],"class_list":["post-10201","post","type-post","status-publish","format-standard","has-post-thumbnail","hentry","category-nacionales"],"_links":{"self":[{"href":"https:\/\/www.elamazonico.com\/portal\/wp-json\/wp\/v2\/posts\/10201","targetHints":{"allow":["GET"]}}],"collection":[{"href":"https:\/\/www.elamazonico.com\/portal\/wp-json\/wp\/v2\/posts"}],"about":[{"href":"https:\/\/www.elamazonico.com\/portal\/wp-json\/wp\/v2\/types\/post"}],"author":[{"embeddable":true,"href":"https:\/\/www.elamazonico.com\/portal\/wp-json\/wp\/v2\/users\/1"}],"replies":[{"embeddable":true,"href":"https:\/\/www.elamazonico.com\/portal\/wp-json\/wp\/v2\/comments?post=10201"}],"version-history":[{"count":1,"href":"https:\/\/www.elamazonico.com\/portal\/wp-json\/wp\/v2\/posts\/10201\/revisions"}],"predecessor-version":[{"id":10203,"href":"https:\/\/www.elamazonico.com\/portal\/wp-json\/wp\/v2\/posts\/10201\/revisions\/10203"}],"wp:featuredmedia":[{"embeddable":true,"href":"https:\/\/www.elamazonico.com\/portal\/wp-json\/wp\/v2\/media\/10202"}],"wp:attachment":[{"href":"https:\/\/www.elamazonico.com\/portal\/wp-json\/wp\/v2\/media?parent=10201"}],"wp:term":[{"taxonomy":"category","embeddable":true,"href":"https:\/\/www.elamazonico.com\/portal\/wp-json\/wp\/v2\/categories?post=10201"},{"taxonomy":"post_tag","embeddable":true,"href":"https:\/\/www.elamazonico.com\/portal\/wp-json\/wp\/v2\/tags?post=10201"}],"curies":[{"name":"wp","href":"https:\/\/api.w.org\/{rel}","templated":true}]}}