{"id":10171,"date":"2023-06-01T17:10:02","date_gmt":"2023-06-01T22:10:02","guid":{"rendered":"https:\/\/www.elamazonico.com\/portal\/?p=10171"},"modified":"2023-06-01T17:12:01","modified_gmt":"2023-06-01T22:12:01","slug":"miguel-parrales-tiene-las-puertas-abiertas-de-ecuador","status":"publish","type":"post","link":"https:\/\/www.elamazonico.com\/portal\/miguel-parrales-tiene-las-puertas-abiertas-de-ecuador\/","title":{"rendered":"Miguel Parrales tiene las puertas abiertas de Ecuador"},"content":{"rendered":"<p id=\"m12-11-13\">12 goles en 10 partidos y la mejor temporada de su carrera es la credencial de\u00a0<b>Miguel Parrales<\/b>. El delantero es seguido por el\u00a0 F\u00e9lix S\u00e1nchez, DT de la Selecci\u00f3n de Ecuador.<\/p>\n<p id=\"m56-1-57\">La Tri tendr\u00e1 en junio su segunda fecha FIFA en el 2023. All\u00ed, el combinado nacional disputar\u00e1 sus dos \u00faltimos amistosos previos a las eliminatorias ante\u00a0<b>Boliva y Costa Rica<\/b>.<\/p>\n<p>Para los compromisos venidos,\u00a0<b>F\u00e9lix S\u00e1nchez<\/b>\u00a0ha observado a los jugadores del \u00e1mbito nacional as\u00ed como aquellos que se desempe\u00f1an en el extranjero. En el caso de Ecuador, este asisti\u00f3 a partidos de la LigaPro y visit\u00f3 una serie de entrenamientos, entre ellos los de Guayaquil City, donde se desempe\u00f1a Parrales.<\/p>\n<p>En di\u00e1logo con EL COMERCIO y Bendito F\u00fatbol, el entrenador espa\u00f1ol confes\u00f3 que sigue de cerca al delantero. Asimismo, se refiri\u00f3 al balance entre los jugadores del<b>\u00a0\u00e1mbito local\u00a0<\/b>e internacional, as\u00ed como los equipos en los que militan.<\/p>\n<p>\u00ab<b>El chico Parrales est\u00e1 haciendo una gran temporada y, cuando llegue el momento, vamos a tener que decidir a que jugadores llevar.<\/b>\u00a0Cualquiera que pensemos que pueda hacerlo bien, lo vamos a convocar. Eso generar\u00e1 opiniones. Yo tendr\u00e9 que tomar una decisi\u00f3n y ser\u00e1 acertada o desacertada en funci\u00f3n del punto de vista de cada uno y el resultado\u00bb, sostuvo el espa\u00f1ol.<\/p>\n<p>En torno a los futbolistas que se encuentran en clubes de fuera del pa\u00eds, reconoci\u00f3 que muestran un nivel atractivo y alto para estar all\u00ed y hayan invertido en ellos. A pesar de la situaci\u00f3n. eso no le quita\u00a0<b>merecimientos\u00a0<\/b>a quienes se encuentren a nivel local, pues pueden estar en un mejor momento.<\/p>\n<h3 id=\"m87-2-88\">La temporada de Miguel Parrales<\/h3>\n<p id=\"m99-3-100\"><b>Miguel Parrales<\/b>\u00a0ha estado presente en 10 compromisos de los 12 que ha jugador su equipo en la LigaPro. La cantidad de tantos anotados es la misma de compromisos del club, por lo que promedia un tanto cada 69 minutos.<\/p>\n<p>El delantero es uno de los m\u00e1s destacados de su escuadra, la cual pelea por mantener la categor\u00eda. Antes, el ariete vio n\u00fameros similares en el 2017 con\u00a0<b>El Nacional<\/b>, a diferencia de que en aquella \u00e9poca marc\u00f3 la misma cantidad de goles actuales en toda su temporada.<\/p>\n<p>El manabita del cuadro portuario tambi\u00e9n tiene entre sus objetivos el meterse entre los convocados de Ecuador. Este mencion\u00f3 despu\u00e9s de la \u00faltima visita de<b>\u00a0F\u00e9lix S\u00e1nchez<\/b>\u00a0que aquello es uno de sus sue\u00f1os.<\/p>\n<p>De ser convocado, esa ser\u00eda la primera vez que recibe un llamado a la escuadra absoluta. Antes, el futbolista defendi\u00f3 los colores de la Tri en\u00a0<b>divisiones juveniles<\/b>. Fuente: Bendito F\u00fatbol<\/p>\n","protected":false},"excerpt":{"rendered":"<p>12 goles en 10 partidos y la mejor temporada de su carrera es la credencial de\u00a0Miguel Parrales. El delantero es seguido por el\u00a0 F\u00e9lix S\u00e1nchez, DT de la Selecci\u00f3n de Ecuador. La Tri tendr\u00e1 en junio su segunda fecha FIFA en el 2023. All\u00ed, el combinado nacional disputar\u00e1 sus dos \u00faltimos amistosos previos a las eliminatorias ante\u00a0Boliva y Costa Rica. Para los compromisos venidos,\u00a0F\u00e9lix S\u00e1nchez\u00a0ha observado a los jugadores del \u00e1mbito nacional as\u00ed como aquellos que se desempe\u00f1an en el extranjero. En el caso de Ecuador, este asisti\u00f3 a partidos de la LigaPro y visit\u00f3 una serie de entrenamientos, entre ellos los de Guayaquil City, donde se desempe\u00f1a Parrales. En di\u00e1logo con EL COMERCIO y Bendito F\u00fatbol, el entrenador espa\u00f1ol confes\u00f3 que sigue de cerca al delantero. Asimismo, se refiri\u00f3 al balance entre los jugadores del\u00a0\u00e1mbito local\u00a0e internacional, as\u00ed como los equipos en los que militan. \u00abEl chico Parrales est\u00e1 haciendo una gran temporada y, cuando llegue el momento, vamos a tener que decidir a que jugadores llevar.\u00a0Cualquiera que pensemos que pueda hacerlo bien, lo vamos a convocar. Eso generar\u00e1 opiniones. Yo tendr\u00e9 que tomar una decisi\u00f3n y ser\u00e1 acertada o desacertada en funci\u00f3n del punto de vista de cada uno y el resultado\u00bb, sostuvo el espa\u00f1ol. En torno a los futbolistas que se encuentran en clubes de fuera del pa\u00eds, reconoci\u00f3 que muestran un nivel atractivo y alto para estar all\u00ed y hayan invertido en ellos. A pesar de la situaci\u00f3n. eso no le quita\u00a0merecimientos\u00a0a quienes se encuentren a nivel local, pues pueden estar en un mejor momento. La temporada de Miguel Parrales Miguel Parrales\u00a0ha estado presente en 10 compromisos de los 12 que ha jugador su equipo en la LigaPro. La cantidad de tantos anotados es la misma de compromisos del club, por lo que promedia un tanto cada 69 minutos. El delantero es uno de los m\u00e1s destacados de su escuadra, la cual pelea por mantener la categor\u00eda. Antes, el ariete vio n\u00fameros similares en el 2017 con\u00a0El Nacional, a diferencia de que en aquella \u00e9poca marc\u00f3 la misma cantidad de goles actuales en toda su temporada. El manabita del cuadro portuario tambi\u00e9n tiene entre sus objetivos el meterse entre los convocados de Ecuador. Este mencion\u00f3 despu\u00e9s de la \u00faltima visita de\u00a0F\u00e9lix S\u00e1nchez\u00a0que aquello es uno de sus sue\u00f1os. De ser convocado, esa ser\u00eda la primera vez que recibe un llamado a la escuadra absoluta. Antes, el futbolista defendi\u00f3 los colores de la Tri en\u00a0divisiones juveniles. Fuente: Bendito F\u00fatbol<\/p>\n","protected":false},"author":1,"featured_media":10172,"comment_status":"open","ping_status":"open","sticky":false,"template":"","format":"standard","meta":{"footnotes":""},"categories":[6],"tags":[],"class_list":["post-10171","post","type-post","status-publish","format-standard","has-post-thumbnail","hentry","category-deportes"],"_links":{"self":[{"href":"https:\/\/www.elamazonico.com\/portal\/wp-json\/wp\/v2\/posts\/10171","targetHints":{"allow":["GET"]}}],"collection":[{"href":"https:\/\/www.elamazonico.com\/portal\/wp-json\/wp\/v2\/posts"}],"about":[{"href":"https:\/\/www.elamazonico.com\/portal\/wp-json\/wp\/v2\/types\/post"}],"author":[{"embeddable":true,"href":"https:\/\/www.elamazonico.com\/portal\/wp-json\/wp\/v2\/users\/1"}],"replies":[{"embeddable":true,"href":"https:\/\/www.elamazonico.com\/portal\/wp-json\/wp\/v2\/comments?post=10171"}],"version-history":[{"count":2,"href":"https:\/\/www.elamazonico.com\/portal\/wp-json\/wp\/v2\/posts\/10171\/revisions"}],"predecessor-version":[{"id":10174,"href":"https:\/\/www.elamazonico.com\/portal\/wp-json\/wp\/v2\/posts\/10171\/revisions\/10174"}],"wp:featuredmedia":[{"embeddable":true,"href":"https:\/\/www.elamazonico.com\/portal\/wp-json\/wp\/v2\/media\/10172"}],"wp:attachment":[{"href":"https:\/\/www.elamazonico.com\/portal\/wp-json\/wp\/v2\/media?parent=10171"}],"wp:term":[{"taxonomy":"category","embeddable":true,"href":"https:\/\/www.elamazonico.com\/portal\/wp-json\/wp\/v2\/categories?post=10171"},{"taxonomy":"post_tag","embeddable":true,"href":"https:\/\/www.elamazonico.com\/portal\/wp-json\/wp\/v2\/tags?post=10171"}],"curies":[{"name":"wp","href":"https:\/\/api.w.org\/{rel}","templated":true}]}}