{"id":10098,"date":"2023-05-29T08:16:40","date_gmt":"2023-05-29T13:16:40","guid":{"rendered":"https:\/\/www.elamazonico.com\/portal\/?p=10098"},"modified":"2023-05-29T08:16:40","modified_gmt":"2023-05-29T13:16:40","slug":"policia-ha-abatido-a-34-delincuentes-durante-el-2023","status":"publish","type":"post","link":"https:\/\/www.elamazonico.com\/portal\/policia-ha-abatido-a-34-delincuentes-durante-el-2023\/","title":{"rendered":"Polic\u00eda ha abatido a 34 delincuentes durante el 2023"},"content":{"rendered":"<p>Este lunes, 29 de marzo de 2023, el ministro del Interior, Juan Zapata, present\u00f3 un balance de las acciones de la Polic\u00eda Nacional durante el feriado por la Batalla del Pichincha y en lo que va del 2023.<\/p>\n<p>En entrevista con Noticias 7, el funcionario mencion\u00f3 que de enero a mayo de ese a\u00f1o 34 delincuentes fueron abatidos por los uniformados. En ese sentido, destac\u00f3 que \u201cafortunadamente no hay polic\u00edas privados de la libertad porque se demostr\u00f3 que fue uso leg\u00edtimo de la fuerza\u00bb.<\/p>\n<p><strong>Estado de excepci\u00f3n<\/strong><\/p>\n<p>A la par, se refiri\u00f3 al estado de excepci\u00f3n que rige en Guayaquil, Dur\u00e1n Samborond\u00f3n, Santa Elena, Los R\u00edos y Esmeraldas que culmina el pr\u00f3ximo 31 de mayo. De acuerdo con Zapata, \u201chemos tenido un \u00e9xito importante, muchas de las bandas dedicadas a la extorsi\u00f3n han sido desarticuladas\u00bb.<\/p>\n<p>En cuanto a muerte violentas, En Guayaquil se registra una reducci\u00f3n del 5% de reducci\u00f3n. \u201cTenemos 3005 detenidos en las tres provincias que est\u00e1n en la ruta de la droga (&#8230;) Es importante la desarticulaci\u00f3n de 89 grupos de delincuencia organizada que est\u00e1n ya a \u00f3rdenes de la justicia\u00bb, enfatiz\u00f3.<\/p>\n<p>Ante ello, se espera que este jueves 01 de mayo se instale el Consejo de Seguridad Del Estado para definir si se renovar\u00e1 la medida y si se incluir\u00e1n m\u00e1s provincias.<\/p>\n<p><strong>Operatividad Feriado<\/strong><\/p>\n<p>En cuanto a los d\u00edas de asueto, el ministro asegur\u00f3 que \u201cm\u00e1s de 48 mil polic\u00edas en todo el territorio ecuatoriano. Era importante darle tranquilidad a Monta\u00f1ita y Manta\u201d. Adem\u00e1s, a nivel nacional se decomisaron cerca de cuatro toneladas de droga.<\/p>\n<p>Finalmente, sobre la indumentaria policial, Zapata dijo que se han solicitado \u00ab52.000 chalecos para todo el personal operativo a nivel nacional, hemos pedido chalecos que cubra la vida de nuestros polic\u00edas\u00bb. Fuente: El Tel\u00e9grafo<\/p>\n<blockquote class=\"twitter-tweet\" data-width=\"550\" data-dnt=\"true\">\n<p lang=\"es\" dir=\"ltr\"><a href=\"https:\/\/twitter.com\/hashtag\/Noticias7?src=hash&amp;ref_src=twsrc%5Etfw\">#Noticias7<\/a> Juan Zapata, ministro del Interior, en <a href=\"https:\/\/twitter.com\/EcuadorTV?ref_src=twsrc%5Etfw\">@EcuadorTV<\/a> Durante el feriado \u201ctuvimos m\u00e1s de 48 mil polic\u00edas en todo el territorio ecuatoriano, era importante darle tranquilidad a Monta\u00f1ia y Manta\u201d <a href=\"https:\/\/t.co\/laonHNaViy\">pic.twitter.com\/laonHNaViy<\/a><\/p>\n<p>&mdash; El Tel\u00e9grafo Ecuador (@el_telegrafo) <a href=\"https:\/\/twitter.com\/el_telegrafo\/status\/1663157313685839875?ref_src=twsrc%5Etfw\">May 29, 2023<\/a><\/p><\/blockquote>\n<p><script async src=\"https:\/\/platform.twitter.com\/widgets.js\" charset=\"utf-8\"><\/script><\/p>\n","protected":false},"excerpt":{"rendered":"<p>Este lunes, 29 de marzo de 2023, el ministro del Interior, Juan Zapata, present\u00f3 un balance de las acciones de la Polic\u00eda Nacional durante el feriado por la Batalla del Pichincha y en lo que va del 2023. En entrevista con Noticias 7, el funcionario mencion\u00f3 que de enero a mayo de ese a\u00f1o 34 delincuentes fueron abatidos por los uniformados. En ese sentido, destac\u00f3 que \u201cafortunadamente no hay polic\u00edas privados de la libertad porque se demostr\u00f3 que fue uso leg\u00edtimo de la fuerza\u00bb. Estado de excepci\u00f3n A la par, se refiri\u00f3 al estado de excepci\u00f3n que rige en Guayaquil, Dur\u00e1n Samborond\u00f3n, Santa Elena, Los R\u00edos y Esmeraldas que culmina el pr\u00f3ximo 31 de mayo. De acuerdo con Zapata, \u201chemos tenido un \u00e9xito importante, muchas de las bandas dedicadas a la extorsi\u00f3n han sido desarticuladas\u00bb. En cuanto a muerte violentas, En Guayaquil se registra una reducci\u00f3n del 5% de reducci\u00f3n. \u201cTenemos 3005 detenidos en las tres provincias que est\u00e1n en la ruta de la droga (&#8230;) Es importante la desarticulaci\u00f3n de 89 grupos de delincuencia organizada que est\u00e1n ya a \u00f3rdenes de la justicia\u00bb, enfatiz\u00f3. Ante ello, se espera que este jueves 01 de mayo se instale el Consejo de Seguridad Del Estado para definir si se renovar\u00e1 la medida y si se incluir\u00e1n m\u00e1s provincias. Operatividad Feriado En cuanto a los d\u00edas de asueto, el ministro asegur\u00f3 que \u201cm\u00e1s de 48 mil polic\u00edas en todo el territorio ecuatoriano. Era importante darle tranquilidad a Monta\u00f1ita y Manta\u201d. Adem\u00e1s, a nivel nacional se decomisaron cerca de cuatro toneladas de droga. Finalmente, sobre la indumentaria policial, Zapata dijo que se han solicitado \u00ab52.000 chalecos para todo el personal operativo a nivel nacional, hemos pedido chalecos que cubra la vida de nuestros polic\u00edas\u00bb. Fuente: El Tel\u00e9grafo #Noticias7 Juan Zapata, ministro del Interior, en @EcuadorTV Durante el feriado \u201ctuvimos m\u00e1s de 48 mil polic\u00edas en todo el territorio ecuatoriano, era importante darle tranquilidad a Monta\u00f1ia y Manta\u201d pic.twitter.com\/laonHNaViy &mdash; El Tel\u00e9grafo Ecuador (@el_telegrafo) May 29, 2023<\/p>\n","protected":false},"author":1,"featured_media":10099,"comment_status":"open","ping_status":"open","sticky":false,"template":"","format":"standard","meta":{"footnotes":""},"categories":[268],"tags":[],"class_list":["post-10098","post","type-post","status-publish","format-standard","has-post-thumbnail","hentry","category-nacionales"],"_links":{"self":[{"href":"https:\/\/www.elamazonico.com\/portal\/wp-json\/wp\/v2\/posts\/10098","targetHints":{"allow":["GET"]}}],"collection":[{"href":"https:\/\/www.elamazonico.com\/portal\/wp-json\/wp\/v2\/posts"}],"about":[{"href":"https:\/\/www.elamazonico.com\/portal\/wp-json\/wp\/v2\/types\/post"}],"author":[{"embeddable":true,"href":"https:\/\/www.elamazonico.com\/portal\/wp-json\/wp\/v2\/users\/1"}],"replies":[{"embeddable":true,"href":"https:\/\/www.elamazonico.com\/portal\/wp-json\/wp\/v2\/comments?post=10098"}],"version-history":[{"count":1,"href":"https:\/\/www.elamazonico.com\/portal\/wp-json\/wp\/v2\/posts\/10098\/revisions"}],"predecessor-version":[{"id":10100,"href":"https:\/\/www.elamazonico.com\/portal\/wp-json\/wp\/v2\/posts\/10098\/revisions\/10100"}],"wp:featuredmedia":[{"embeddable":true,"href":"https:\/\/www.elamazonico.com\/portal\/wp-json\/wp\/v2\/media\/10099"}],"wp:attachment":[{"href":"https:\/\/www.elamazonico.com\/portal\/wp-json\/wp\/v2\/media?parent=10098"}],"wp:term":[{"taxonomy":"category","embeddable":true,"href":"https:\/\/www.elamazonico.com\/portal\/wp-json\/wp\/v2\/categories?post=10098"},{"taxonomy":"post_tag","embeddable":true,"href":"https:\/\/www.elamazonico.com\/portal\/wp-json\/wp\/v2\/tags?post=10098"}],"curies":[{"name":"wp","href":"https:\/\/api.w.org\/{rel}","templated":true}]}}