{"id":10064,"date":"2023-05-24T09:45:32","date_gmt":"2023-05-24T14:45:32","guid":{"rendered":"https:\/\/www.elamazonico.com\/portal\/?p=10064"},"modified":"2023-05-24T09:45:32","modified_gmt":"2023-05-24T14:45:32","slug":"cesar-rohon-confirma-que-sera-nuevo-ministro-de-transporte-y-obras-publicas-en-el-gobierno-de-guillermo-lasso","status":"publish","type":"post","link":"https:\/\/www.elamazonico.com\/portal\/cesar-rohon-confirma-que-sera-nuevo-ministro-de-transporte-y-obras-publicas-en-el-gobierno-de-guillermo-lasso\/","title":{"rendered":"C\u00e9sar Rohon confirma que ser\u00e1 nuevo ministro de Transporte y Obras P\u00fablicas en el gobierno de Guillermo Lasso"},"content":{"rendered":"<p>El exasamble\u00edsta<b>\u00a0C\u00e9sar Rohon<\/b>\u00a0ha confirmado esta noche a Ecuavisa que ser\u00e1 parte del gabinete de\u00a0<b>Guillermo Lasso<\/b>, que este 24 de mayo anunciar\u00e1\u00a0<a href=\"https:\/\/www.ecuavisa.com\/noticias\/politica\/guillermo-lasso-hara-cambios-en-su-gabinete-ministerial-este-24-de-mayo-dice-henry-cucalon-CB5223848\" target=\"_blank\" rel=\"noopener noreferrer\">cambios de ministros<\/a>, seg\u00fan lo adelant\u00f3 el secretario de Gobierno Henry Cucal\u00f3n.<\/p>\n<p>Rohon, un ingeniero y pol\u00edtico nacido en Quito hace 67 a\u00f1os, estar\u00e1 a cargo del Ministerio de Transporte y Obras P\u00fablicas, cartera que estaba a cargo de Dar\u00edo Herrera.<\/p>\n<p>C\u00e9sar Rohon se form\u00f3 pol\u00edticamente en las filas del<b>\u00a0Partido Social Cristiano,\u00a0<\/b>por el cual fue elegido asamble\u00edsta nacional en 2017 en representaci\u00f3n de Guayas.\u200b<\/p>\n<p>Fue\u00a0<b>reelegido al cargo las elecciones de 2021\u00a0<\/b>por el mismo partido, pero se separ\u00f3 de sus filas un d\u00eda antes de iniciar el nuevo periodo legislativo ante la negativa del partido de presentar su nombre como posible candidato a la presidencia de la Asamblea Nacional.<\/p>\n<div class=\"paragraph\">\n<p>Entonces empez\u00f3 a actuar como\u00a0<b>asamble\u00edsta independiente<\/b>, pero renunci\u00f3 al poder Legislativo el 13 de marzo de 2022. Rohon argument\u00f3 que el Legislativo \u00abse olvida por conveniencias pol\u00edticas de respetar la Constituci\u00f3n y la ley\u00bb, mostrando su desacuerdo por las amnist\u00edas que se concedi\u00f3 a los responsables del caos por las protestas del 2019.<\/p>\n<\/div>\n<div class=\"paragraph\">\n<p><a href=\"https:\/\/www.ecuavisa.com\/noticias\/politica\/elecciones-en-ecuador-2023-francisco-jimenez-se-aleja-de-creo-critica-al-gobierno-y-anuncia-nuevo-movimiento-BX5220704\" target=\"_blank\" rel=\"noopener noreferrer\">Francisco Jim\u00e9nez se aleja de CREO, critica al Gobierno y anuncia nuevo movimiento<br \/>\n<\/a><\/p>\n<p>Rohon no era alguien pasajero en el PSC, de hecho inici\u00f3 su vida pol\u00edtica como representante de la provincia de Guayas en la Asamblea Constituyente de 1997 con esa agrupaci\u00f3n pol\u00edtica.\u200b<\/p>\n<p>Para la Asamblea Constituyente de 2007 volvi\u00f3 a ser elegido representante por el mismo partido, formando parte de la mesa de organizaci\u00f3n y participaci\u00f3n ciudadana.<\/p>\n<\/div>\n<div class=\"paragraph\">\n<p>C\u00e9sar Rohon tambi\u00e9n\u00a0<b>fue candidato a prefecto de Guayas\u00a0<\/b>por el PSC en 2014, pero no gan\u00f3.<\/p>\n<p>C\u00e9sar Eduardo Rohon Hervas naci\u00f3 en Quito, el 3 de enero de 1956. Tiene 65 a\u00f1os. Estudi\u00f3 en la Pontificia Universidad Cat\u00f3lica de Quito (PUCE), fue el primer graduado de la Facultad de Administraci\u00f3n y Auditor\u00eda de la PUCE en 1981. Tambi\u00e9n tiene un t\u00edtulo de posgrado del INCAE (Escuela de negocios) de Costa Rica.<\/p>\n<\/div>\n<div class=\"paragraph\">\n<p>Antes de comenzar su carrera pol\u00edtica, Rohon trabaj\u00f3 en el gremio pesquero y lleg\u00f3 a ser dirigente gremial.<\/p>\n<p>Entre 2001 y 2002, C\u00e9sar Rohon fue Presidente de la Organizaci\u00f3n Mundial de Atuneros. En 2004 fue el delegado del sector privado en el Consejo Nacional de Desarrollo Pesquero. Ocup\u00f3 ese cargo por un a\u00f1o. Tambi\u00e9n fue presidente de la C\u00e1mara Nacional de Pesquer\u00eda por m\u00e1s de 25 a\u00f1os.<\/p>\n<\/div>\n","protected":false},"excerpt":{"rendered":"<p>El exasamble\u00edsta\u00a0C\u00e9sar Rohon\u00a0ha confirmado esta noche a Ecuavisa que ser\u00e1 parte del gabinete de\u00a0Guillermo Lasso, que este 24 de mayo anunciar\u00e1\u00a0cambios de ministros, seg\u00fan lo adelant\u00f3 el secretario de Gobierno Henry Cucal\u00f3n. Rohon, un ingeniero y pol\u00edtico nacido en Quito hace 67 a\u00f1os, estar\u00e1 a cargo del Ministerio de Transporte y Obras P\u00fablicas, cartera que estaba a cargo de Dar\u00edo Herrera. C\u00e9sar Rohon se form\u00f3 pol\u00edticamente en las filas del\u00a0Partido Social Cristiano,\u00a0por el cual fue elegido asamble\u00edsta nacional en 2017 en representaci\u00f3n de Guayas.\u200b Fue\u00a0reelegido al cargo las elecciones de 2021\u00a0por el mismo partido, pero se separ\u00f3 de sus filas un d\u00eda antes de iniciar el nuevo periodo legislativo ante la negativa del partido de presentar su nombre como posible candidato a la presidencia de la Asamblea Nacional. Entonces empez\u00f3 a actuar como\u00a0asamble\u00edsta independiente, pero renunci\u00f3 al poder Legislativo el 13 de marzo de 2022. Rohon argument\u00f3 que el Legislativo \u00abse olvida por conveniencias pol\u00edticas de respetar la Constituci\u00f3n y la ley\u00bb, mostrando su desacuerdo por las amnist\u00edas que se concedi\u00f3 a los responsables del caos por las protestas del 2019. Francisco Jim\u00e9nez se aleja de CREO, critica al Gobierno y anuncia nuevo movimiento Rohon no era alguien pasajero en el PSC, de hecho inici\u00f3 su vida pol\u00edtica como representante de la provincia de Guayas en la Asamblea Constituyente de 1997 con esa agrupaci\u00f3n pol\u00edtica.\u200b Para la Asamblea Constituyente de 2007 volvi\u00f3 a ser elegido representante por el mismo partido, formando parte de la mesa de organizaci\u00f3n y participaci\u00f3n ciudadana. C\u00e9sar Rohon tambi\u00e9n\u00a0fue candidato a prefecto de Guayas\u00a0por el PSC en 2014, pero no gan\u00f3. C\u00e9sar Eduardo Rohon Hervas naci\u00f3 en Quito, el 3 de enero de 1956. Tiene 65 a\u00f1os. Estudi\u00f3 en la Pontificia Universidad Cat\u00f3lica de Quito (PUCE), fue el primer graduado de la Facultad de Administraci\u00f3n y Auditor\u00eda de la PUCE en 1981. Tambi\u00e9n tiene un t\u00edtulo de posgrado del INCAE (Escuela de negocios) de Costa Rica. Antes de comenzar su carrera pol\u00edtica, Rohon trabaj\u00f3 en el gremio pesquero y lleg\u00f3 a ser dirigente gremial. Entre 2001 y 2002, C\u00e9sar Rohon fue Presidente de la Organizaci\u00f3n Mundial de Atuneros. En 2004 fue el delegado del sector privado en el Consejo Nacional de Desarrollo Pesquero. Ocup\u00f3 ese cargo por un a\u00f1o. Tambi\u00e9n fue presidente de la C\u00e1mara Nacional de Pesquer\u00eda por m\u00e1s de 25 a\u00f1os.<\/p>\n","protected":false},"author":1,"featured_media":10065,"comment_status":"open","ping_status":"open","sticky":false,"template":"","format":"standard","meta":{"footnotes":""},"categories":[268],"tags":[],"class_list":["post-10064","post","type-post","status-publish","format-standard","has-post-thumbnail","hentry","category-nacionales"],"_links":{"self":[{"href":"https:\/\/www.elamazonico.com\/portal\/wp-json\/wp\/v2\/posts\/10064","targetHints":{"allow":["GET"]}}],"collection":[{"href":"https:\/\/www.elamazonico.com\/portal\/wp-json\/wp\/v2\/posts"}],"about":[{"href":"https:\/\/www.elamazonico.com\/portal\/wp-json\/wp\/v2\/types\/post"}],"author":[{"embeddable":true,"href":"https:\/\/www.elamazonico.com\/portal\/wp-json\/wp\/v2\/users\/1"}],"replies":[{"embeddable":true,"href":"https:\/\/www.elamazonico.com\/portal\/wp-json\/wp\/v2\/comments?post=10064"}],"version-history":[{"count":1,"href":"https:\/\/www.elamazonico.com\/portal\/wp-json\/wp\/v2\/posts\/10064\/revisions"}],"predecessor-version":[{"id":10066,"href":"https:\/\/www.elamazonico.com\/portal\/wp-json\/wp\/v2\/posts\/10064\/revisions\/10066"}],"wp:featuredmedia":[{"embeddable":true,"href":"https:\/\/www.elamazonico.com\/portal\/wp-json\/wp\/v2\/media\/10065"}],"wp:attachment":[{"href":"https:\/\/www.elamazonico.com\/portal\/wp-json\/wp\/v2\/media?parent=10064"}],"wp:term":[{"taxonomy":"category","embeddable":true,"href":"https:\/\/www.elamazonico.com\/portal\/wp-json\/wp\/v2\/categories?post=10064"},{"taxonomy":"post_tag","embeddable":true,"href":"https:\/\/www.elamazonico.com\/portal\/wp-json\/wp\/v2\/tags?post=10064"}],"curies":[{"name":"wp","href":"https:\/\/api.w.org\/{rel}","templated":true}]}}