{"id":10061,"date":"2023-05-24T09:42:02","date_gmt":"2023-05-24T14:42:02","guid":{"rendered":"https:\/\/www.elamazonico.com\/portal\/?p=10061"},"modified":"2023-05-24T09:46:33","modified_gmt":"2023-05-24T14:46:33","slug":"decia-que-si-ella-no-esta-con-el-el-se-moriria-la-cadena-de-violencia-que-vivio-katherine-cingana-por-un-policia-que-la-habria-matado","status":"publish","type":"post","link":"https:\/\/www.elamazonico.com\/portal\/decia-que-si-ella-no-esta-con-el-el-se-moriria-la-cadena-de-violencia-que-vivio-katherine-cingana-por-un-policia-que-la-habria-matado\/","title":{"rendered":"\u00abDec\u00eda que si ella no est\u00e1 con \u00e9l, \u00e9l se morir\u00eda\u00bb: la cadena de violencia que vivi\u00f3 Katherine Cinga\u00f1a por un polic\u00eda que la habr\u00eda matado"},"content":{"rendered":"<div class=\"lead destacado\">Luego de la jornada laboral, Katherine Cinga\u00f1a llegaba a la casa y lo primero que hac\u00eda era buscar a su hijo de dos a\u00f1os. Jugaba y conversaba con el peque\u00f1o. Esos momentos no se volver\u00e1n a repetir. La madre habr\u00eda sido asesinada por su pareja, un polic\u00eda que us\u00f3 su arma de dotaci\u00f3n para cometer el presunto femicidio. Fue la c\u00faspide de una cadena de agresiones.<\/div>\n<div class=\"paragraph texto\">\n<p class=\"p_0\">La violencia se recrudeci\u00f3 hace un a\u00f1o, cuando Katherine empez\u00f3 a trabajar en una empresa municipal de Quito. El cabo segundo,\u00a0<b>Jonathan T.<\/b>, la acosaba y atacaba constantemente. Controlaba su celular, la ropa y el maquillaje que usaba para ir al trabajo, seg\u00fan relatan familiares de la v\u00edctima.<\/p>\n<p class=\"p_1\">\u201cLe cuestionaba todo: para qu\u00e9 se pinta el pelo, por qu\u00e9 se arregla, por qu\u00e9 se pone blusas escotadas\u201d, coment\u00f3\u00a0<b>Luz Mar\u00eda Tercero<\/b>, madre de la mujer de 28 a\u00f1os, a Vistazo.<\/p>\n<div id=\"Brid_81136711\" class=\"brid brid-center brid-default-skin brid-carousel-no-readmore brid-carousel-no-controls brid-carousel brid-started brid-playing\">\n<div class=\"brid-holder brid-sticky\">\n<div id=\"Brid_81136711_adContainer\" class=\"brid-advert-container\">\n<div><img decoding=\"async\" src=\"https:\/\/cdn.brid.tv\/live\/partners\/19581\/snapshot\/1310590_sd_646df1dc10f6f_1684926940.jpg\" alt=\"Video Carousel - Te puede interesar - 16650\" \/><\/div>\n<\/div>\n<\/div>\n<\/div>\n<div class=\"brid-close brid-panels brid-button brid-close-banner\" tabindex=\"0\" title=\"Cerrar\" role=\"button\" aria-label=\"Cerrar\"><\/div>\n<p class=\"p_2\">Agrega que su hija ten\u00eda moretones en los brazos, piernas y rostro. Luz Mar\u00eda recuerda que, en el primer cumplea\u00f1os del hijo de la pareja, el acusado se emborrach\u00f3 y golpe\u00f3 a Katherine porque hab\u00eda bailado con otra persona. As\u00ed mismo,\u00a0<b>compa\u00f1eras de trabajo vieron a la mujer con marcas en la cara<\/b>\u00a0en varias ocasiones.<\/p>\n<p class=\"p_3\">La familia de la hoy occisa describe que el polic\u00eda era \u201caltanero\u201d y usaba su arma de dotaci\u00f3n con frecuencia, sobre todo cuando tomaba bebidas alcoh\u00f3licas. Disparaba para el aire o contra el suelo.<\/p>\n<p class=\"p_4\">El acoso aument\u00f3 cuando Katherine le comunic\u00f3 al cabo que ya no quer\u00eda seguir con la relaci\u00f3n. Se cans\u00f3 de los abusos en la casa y en el trabajo, lo que le hab\u00eda provocado altos \u00edndices de estr\u00e9s.\u00a0<b>\u201cMi hija no pod\u00eda estar en paz\u201d<\/b>, dijo la madre.<\/p>\n<p class=\"p_5\">Sin embargo, el polic\u00eda segu\u00eda incesante en sus aspiraciones, as\u00ed que habr\u00eda planificado una estrategia para que la mujer no lo abandonara.<\/p>\n<\/div>\n<div class=\"multimediaMacroWrapper img lateral\">\n<figure class=\"contentMedia art-img\">\n<div><img fetchpriority=\"high\" decoding=\"async\" class=\" lazyloaded\" title=\"Katherine Cinga\u00f1a trabajaba en el Municipio capitalino.\" src=\"https:\/\/www.vistazo.com\/placeholder\/svg\/viewbox\/768x614\" sizes=\"100vw\" srcset=\"\/\/www.vistazo.com\/binrepository\/768x614\/0c0\/0d0\/none\/12727\/EDEJ\/an-adir-un-subti-tulo-3_958318_20230523151339.jpg 768w,\/\/www.vistazo.com\/binrepository\/640x512\/0c0\/0d0\/none\/12727\/EDEY\/an-adir-un-subti-tulo-3_958318_20230523151339.jpg 640w,\/\/www.vistazo.com\/binrepository\/512x409\/0c0\/0d0\/none\/12727\/EDEI\/an-adir-un-subti-tulo-3_958318_20230523151339.jpg 512w,\/\/www.vistazo.com\/binrepository\/384x307\/0c0\/0d0\/none\/12727\/EDEI\/an-adir-un-subti-tulo-3_958318_20230523151339.jpg 384w,\/\/www.vistazo.com\/binrepository\/300x240\/0c0\/0d0\/none\/12727\/EDEX\/an-adir-un-subti-tulo-3_958318_20230523151339.jpg 300w\" alt=\"$!Katherine Cinga\u00f1a trabajaba en el Municipio capitalino.\" width=\"768\" height=\"614\" data-srcset=\"\/\/www.vistazo.com\/binrepository\/768x614\/0c0\/0d0\/none\/12727\/EDEJ\/an-adir-un-subti-tulo-3_958318_20230523151339.jpg 768w,\/\/www.vistazo.com\/binrepository\/640x512\/0c0\/0d0\/none\/12727\/EDEY\/an-adir-un-subti-tulo-3_958318_20230523151339.jpg 640w,\/\/www.vistazo.com\/binrepository\/512x409\/0c0\/0d0\/none\/12727\/EDEI\/an-adir-un-subti-tulo-3_958318_20230523151339.jpg 512w,\/\/www.vistazo.com\/binrepository\/384x307\/0c0\/0d0\/none\/12727\/EDEI\/an-adir-un-subti-tulo-3_958318_20230523151339.jpg 384w,\/\/www.vistazo.com\/binrepository\/300x240\/0c0\/0d0\/none\/12727\/EDEX\/an-adir-un-subti-tulo-3_958318_20230523151339.jpg 300w\" \/><\/div>\n<div class=\"cutline-byline\"><span class=\"cutline-text\">Katherine Cinga\u00f1a trabajaba en el Municipio capitalino.\u00a0<\/span><span class=\"byline-image\">(Foto: cortes\u00eda )<\/span><\/div>\n<\/figure>\n<\/div>\n<div class=\"html_text\">\n<h2>\u00bfINVENT\u00d3 QUE VIAJAR\u00cdA A GUAYAQUIL?<\/h2>\n<\/div>\n<div class=\"paragraph texto\">\n<p class=\"p_6\">Ruth Quimbita, prima de la v\u00edctima, cont\u00f3 a Vistazo que Jonathan T.\u00a0<b>hab\u00eda comunicado que le dieron el pase a Guayaquil\u00a0<\/b>y que viajar\u00eda el lunes primero de mayo del 2023, as\u00ed que el fin de semana pas\u00f3 a despedirse de Katherine y su familia.<\/p>\n<p class=\"p_7\">\u201cDesconocemos si esto era una mentira para generar presi\u00f3n y que ella le perdone o si en realidad ten\u00eda alguna asignaci\u00f3n\u201d.<\/p>\n<div class=\"google-auto-placed ap_container\">\n<p>&nbsp;<\/p>\n<div id=\"aswift_2_host\" tabindex=\"0\" title=\"Advertisement\" aria-label=\"Advertisement\"><\/div>\n<p>&nbsp;<\/p>\n<\/div>\n<p class=\"p_8\">Agrega que el s\u00e1bado, 29 de abril, el cabo segundo lleg\u00f3 con mariachis y dej\u00f3 una carta en la que dec\u00eda:\u00a0<b>\u201cSi yo te controlo tanto es por tu bien\u201d<\/b>\u00a0y amenazaba que, si Katherine no retomaba la relaci\u00f3n,\u00a0<b>\u00e9l morir\u00eda<\/b>.<\/p>\n<\/div>\n<div class=\"multimediaMacroWrapper img lateral\">\n<figure class=\"contentMedia art-img\">\n<div><img decoding=\"async\" class=\" lazyloaded\" title=\"Katherine y el presunto femicida Jonathan T.\" src=\"https:\/\/www.vistazo.com\/placeholder\/svg\/viewbox\/768x614\" sizes=\"100vw\" srcset=\"\/\/www.vistazo.com\/binrepository\/768x614\/0c0\/0d0\/none\/12727\/CBEJ\/an-adir-un-subti-tulo-1_958266_20230523150035.jpg 768w,\/\/www.vistazo.com\/binrepository\/640x512\/0c0\/0d0\/none\/12727\/CBEY\/an-adir-un-subti-tulo-1_958266_20230523150035.jpg 640w,\/\/www.vistazo.com\/binrepository\/512x409\/0c0\/0d0\/none\/12727\/CBEI\/an-adir-un-subti-tulo-1_958266_20230523150035.jpg 512w,\/\/www.vistazo.com\/binrepository\/384x307\/0c0\/0d0\/none\/12727\/CBEI\/an-adir-un-subti-tulo-1_958266_20230523150035.jpg 384w,\/\/www.vistazo.com\/binrepository\/300x240\/0c0\/0d0\/none\/12727\/CBEX\/an-adir-un-subti-tulo-1_958266_20230523150035.jpg 300w\" alt=\"$!Katherine y el presunto femicida Jonathan T.\" width=\"768\" height=\"614\" data-srcset=\"\/\/www.vistazo.com\/binrepository\/768x614\/0c0\/0d0\/none\/12727\/CBEJ\/an-adir-un-subti-tulo-1_958266_20230523150035.jpg 768w,\/\/www.vistazo.com\/binrepository\/640x512\/0c0\/0d0\/none\/12727\/CBEY\/an-adir-un-subti-tulo-1_958266_20230523150035.jpg 640w,\/\/www.vistazo.com\/binrepository\/512x409\/0c0\/0d0\/none\/12727\/CBEI\/an-adir-un-subti-tulo-1_958266_20230523150035.jpg 512w,\/\/www.vistazo.com\/binrepository\/384x307\/0c0\/0d0\/none\/12727\/CBEI\/an-adir-un-subti-tulo-1_958266_20230523150035.jpg 384w,\/\/www.vistazo.com\/binrepository\/300x240\/0c0\/0d0\/none\/12727\/CBEX\/an-adir-un-subti-tulo-1_958266_20230523150035.jpg 300w\" \/><\/div>\n<div class=\"cutline-byline\"><span class=\"cutline-text\">Katherine y el presunto femicida Jonathan T.\u00a0<\/span><span class=\"byline-image\">(Fotos: cortes\u00eda )<\/span><\/div>\n<\/figure>\n<\/div>\n<div class=\"html_text\">\n<h2>EL D\u00cdA DEL PRESUNTO FEMICIDIO<\/h2>\n<\/div>\n<div class=\"paragraph texto\">\n<p class=\"p_10\">La joven y sus allegados estaban tranquilos porque pensaban que el sujeto ya se hab\u00eda ido a Guayaquil, pero dos d\u00edas despu\u00e9s, el mi\u00e9rcoles, 3 de mayo, el cabo reapareci\u00f3 en el lugar de trabajo de la mujer.<\/p>\n<p class=\"p_11\">La pareja empez\u00f3 a discutir, luego el polic\u00eda le habr\u00eda exigido a Katherine que se subiera al auto.\u00a0<b>\u00c9l se mont\u00f3 en la parte de atr\u00e1s y al poco tiempo sonaron detonaciones.<\/b><\/p>\n<div class=\"google-auto-placed ap_container\">\n<p>&nbsp;<\/p>\n<div id=\"aswift_3_host\" tabindex=\"0\" title=\"Advertisement\" aria-label=\"Advertisement\">El hecho violento ocurri\u00f3 en el sector de <b>El Inca,<\/b>\u00a0en el norte de Quito. De acuerdo a investigaciones iniciales de la Polic\u00eda, el agente habr\u00eda disparado tres veces a su pareja mientras se movilizaban en un auto, conducido por ella.<\/div>\n<p>&nbsp;<\/p>\n<\/div>\n<p class=\"p_13\">El veh\u00edculo choc\u00f3 en un puente a desnivel de El Labrador. Tras ello, la mujer fue trasladada a un centro de salud y el hombre fue\u00a0<b>arrestado en flagrancia<\/b>.<\/p>\n<p class=\"p_14\"><b>Luz Mar\u00eda Tercero<\/b>, madre de Katherine, record\u00f3 que su hija fue llevada al Hospital Eugenio Espejo, donde le indicaron que hab\u00eda pocas posibilidades de salvarla.\u00a0<b>\u201cMe dijeron que si le operaban podr\u00eda quedar en estado vegetal o en silla de ruedas\u201d<\/b>.<\/p>\n<p class=\"p_15\">La familia insisti\u00f3 en que se hiciera todo lo posible por evitar su muerte, pero no se pudo por las graves secuelas en la cabeza de la mujer. El 4 de mayo falleci\u00f3.<\/p>\n<p class=\"p_16\">Jonathan T. fue acusado por intento de femicidio, pero al confirmarse el deceso de Katherine, el delito cambi\u00f3 a presunto femicidio.\u00a0<b>\u00c9l guarda prisi\u00f3n preventiva.<\/b>\u00a0La audiencia de reformulaci\u00f3n de cargos se har\u00e1 este mi\u00e9rcoles, 24 de mayo.<\/p>\n<\/div>\n<div class=\"multimediaMacroWrapper img lateral\">\n<figure class=\"contentMedia art-img\">\n<div><img decoding=\"async\" class=\" lazyloaded\" title=\"Los disparos hacia Katherine provocaron que chocara contra un puente.\" src=\"https:\/\/www.vistazo.com\/placeholder\/svg\/viewbox\/768x614\" sizes=\"100vw\" srcset=\"\/\/www.vistazo.com\/binrepository\/768x614\/0c0\/0d0\/none\/12727\/WCEJ\/an-adir-un-subti-tulo-2_958300_20230523150903.jpg 768w,\/\/www.vistazo.com\/binrepository\/640x512\/0c0\/0d0\/none\/12727\/WCEY\/an-adir-un-subti-tulo-2_958300_20230523150903.jpg 640w,\/\/www.vistazo.com\/binrepository\/512x409\/0c0\/0d0\/none\/12727\/WCEI\/an-adir-un-subti-tulo-2_958300_20230523150903.jpg 512w,\/\/www.vistazo.com\/binrepository\/384x307\/0c0\/0d0\/none\/12727\/WCEI\/an-adir-un-subti-tulo-2_958300_20230523150903.jpg 384w,\/\/www.vistazo.com\/binrepository\/300x240\/0c0\/0d0\/none\/12727\/WCEX\/an-adir-un-subti-tulo-2_958300_20230523150903.jpg 300w\" alt=\"$!Los disparos hacia Katherine provocaron que chocara contra un puente.\" width=\"768\" height=\"614\" data-srcset=\"\/\/www.vistazo.com\/binrepository\/768x614\/0c0\/0d0\/none\/12727\/WCEJ\/an-adir-un-subti-tulo-2_958300_20230523150903.jpg 768w,\/\/www.vistazo.com\/binrepository\/640x512\/0c0\/0d0\/none\/12727\/WCEY\/an-adir-un-subti-tulo-2_958300_20230523150903.jpg 640w,\/\/www.vistazo.com\/binrepository\/512x409\/0c0\/0d0\/none\/12727\/WCEI\/an-adir-un-subti-tulo-2_958300_20230523150903.jpg 512w,\/\/www.vistazo.com\/binrepository\/384x307\/0c0\/0d0\/none\/12727\/WCEI\/an-adir-un-subti-tulo-2_958300_20230523150903.jpg 384w,\/\/www.vistazo.com\/binrepository\/300x240\/0c0\/0d0\/none\/12727\/WCEX\/an-adir-un-subti-tulo-2_958300_20230523150903.jpg 300w\" \/><\/div>\n<div class=\"cutline-byline\"><span class=\"cutline-text\">Los disparos hacia Katherine provocaron que chocara contra un puente.\u00a0<\/span><span class=\"byline-image\">(Foto: redes sociales )<\/span><\/div>\n<\/figure>\n<\/div>\n<div class=\"html_text\">\n<h2>JUSTICIA, TRANSPARENCIA Y REPARACI\u00d3N<\/h2>\n<\/div>\n<div class=\"paragraph texto\">\n<p class=\"p_17\">Ruth Quimbita, representante de la familia, pidi\u00f3 a las autoridades de justicia que el proceso sea transparente, breve y se consideren los agravantes como el hecho de que el polic\u00eda haya usado su arma de dotaci\u00f3n para asesinar a su pareja.<\/p>\n<p class=\"p_18\">\u201cSabemos que todas las pericias son llevadas a cabo por la Polic\u00eda, entonces\u00a0<b>siempre tratan de tapar o encubrir ciertos detalles\u00a0<\/b>que pueden llegar a ser muy relevantes para esta investigaci\u00f3n\u201d, asegur\u00f3 Quimbita.<\/p>\n<p class=\"p_19\">Agreg\u00f3 que el hijo de Katherine qued\u00f3 en la orfandad, por lo que necesitan \u201cque se pronuncie el MIES, para ver qu\u00e9 bonos le pueden entregar al ni\u00f1o y que obviamente se d\u00e9 la custodia legal a sus abuelos maternos\u201d.<\/p>\n<p class=\"p_20\">\u201cPido justicia, porque hay rumores de que este infeliz se lava las manos diciendo que unos sicarios le disparan, pero no,\u00a0<b>el carro no tiene huellas de nada<\/b>\u201d, mencion\u00f3 con voz entrecortada la madre de la v\u00edctima.<\/p>\n<p class=\"p_21\">En Ecuador,\u00a0<b>cada 23 horas ocurre un feminicidio<\/b>. Del primero de enero al 30 de abril del 2023 se contabilizan<b>\u00a0122 muertes violentas de mujeres por razones de g\u00e9nero<\/b>, seg\u00fan datos de la Fundaci\u00f3n Aldea.<\/p>\n<p class=\"p_22\">De ese n\u00famero, 58 casos fueron femicidios int\u00edmo, familiar, sexual y transfemicidios. Mientras que 64 fueron femicidios en sistemas criminales.<\/p>\n<p class=\"p_23\">Al menos 46 mujeres eran madres y por lo menos\u00a0<b>80 hijos e hijas quedaron en situaci\u00f3n de orfandad<\/b>. <strong>Fuente: Vistazo<\/strong><\/p>\n<\/div>\n","protected":false},"excerpt":{"rendered":"<p>Luego de la jornada laboral, Katherine Cinga\u00f1a llegaba a la casa y lo primero que hac\u00eda era buscar a su hijo de dos a\u00f1os. Jugaba y conversaba con el peque\u00f1o. Esos momentos no se volver\u00e1n a repetir. La madre habr\u00eda sido asesinada por su pareja, un polic\u00eda que us\u00f3 su arma de dotaci\u00f3n para cometer el presunto femicidio. Fue la c\u00faspide de una cadena de agresiones. La violencia se recrudeci\u00f3 hace un a\u00f1o, cuando Katherine empez\u00f3 a trabajar en una empresa municipal de Quito. El cabo segundo,\u00a0Jonathan T., la acosaba y atacaba constantemente. Controlaba su celular, la ropa y el maquillaje que usaba para ir al trabajo, seg\u00fan relatan familiares de la v\u00edctima. \u201cLe cuestionaba todo: para qu\u00e9 se pinta el pelo, por qu\u00e9 se arregla, por qu\u00e9 se pone blusas escotadas\u201d, coment\u00f3\u00a0Luz Mar\u00eda Tercero, madre de la mujer de 28 a\u00f1os, a Vistazo. Agrega que su hija ten\u00eda moretones en los brazos, piernas y rostro. Luz Mar\u00eda recuerda que, en el primer cumplea\u00f1os del hijo de la pareja, el acusado se emborrach\u00f3 y golpe\u00f3 a Katherine porque hab\u00eda bailado con otra persona. As\u00ed mismo,\u00a0compa\u00f1eras de trabajo vieron a la mujer con marcas en la cara\u00a0en varias ocasiones. La familia de la hoy occisa describe que el polic\u00eda era \u201caltanero\u201d y usaba su arma de dotaci\u00f3n con frecuencia, sobre todo cuando tomaba bebidas alcoh\u00f3licas. Disparaba para el aire o contra el suelo. El acoso aument\u00f3 cuando Katherine le comunic\u00f3 al cabo que ya no quer\u00eda seguir con la relaci\u00f3n. Se cans\u00f3 de los abusos en la casa y en el trabajo, lo que le hab\u00eda provocado altos \u00edndices de estr\u00e9s.\u00a0\u201cMi hija no pod\u00eda estar en paz\u201d, dijo la madre. Sin embargo, el polic\u00eda segu\u00eda incesante en sus aspiraciones, as\u00ed que habr\u00eda planificado una estrategia para que la mujer no lo abandonara. Katherine Cinga\u00f1a trabajaba en el Municipio capitalino.\u00a0(Foto: cortes\u00eda ) \u00bfINVENT\u00d3 QUE VIAJAR\u00cdA A GUAYAQUIL? Ruth Quimbita, prima de la v\u00edctima, cont\u00f3 a Vistazo que Jonathan T.\u00a0hab\u00eda comunicado que le dieron el pase a Guayaquil\u00a0y que viajar\u00eda el lunes primero de mayo del 2023, as\u00ed que el fin de semana pas\u00f3 a despedirse de Katherine y su familia. \u201cDesconocemos si esto era una mentira para generar presi\u00f3n y que ella le perdone o si en realidad ten\u00eda alguna asignaci\u00f3n\u201d. &nbsp; &nbsp; Agrega que el s\u00e1bado, 29 de abril, el cabo segundo lleg\u00f3 con mariachis y dej\u00f3 una carta en la que dec\u00eda:\u00a0\u201cSi yo te controlo tanto es por tu bien\u201d\u00a0y amenazaba que, si Katherine no retomaba la relaci\u00f3n,\u00a0\u00e9l morir\u00eda. Katherine y el presunto femicida Jonathan T.\u00a0(Fotos: cortes\u00eda ) EL D\u00cdA DEL PRESUNTO FEMICIDIO La joven y sus allegados estaban tranquilos porque pensaban que el sujeto ya se hab\u00eda ido a Guayaquil, pero dos d\u00edas despu\u00e9s, el mi\u00e9rcoles, 3 de mayo, el cabo reapareci\u00f3 en el lugar de trabajo de la mujer. La pareja empez\u00f3 a discutir, luego el polic\u00eda le habr\u00eda exigido a Katherine que se subiera al auto.\u00a0\u00c9l se mont\u00f3 en la parte de atr\u00e1s y al poco tiempo sonaron detonaciones. &nbsp; El hecho violento ocurri\u00f3 en el sector de El Inca,\u00a0en el norte de Quito. De acuerdo a investigaciones iniciales de la Polic\u00eda, el agente habr\u00eda disparado tres veces a su pareja mientras se movilizaban en un auto, conducido por ella. &nbsp; El veh\u00edculo choc\u00f3 en un puente a desnivel de El Labrador. Tras ello, la mujer fue trasladada a un centro de salud y el hombre fue\u00a0arrestado en flagrancia. Luz Mar\u00eda Tercero, madre de Katherine, record\u00f3 que su hija fue llevada al Hospital Eugenio Espejo, donde le indicaron que hab\u00eda pocas posibilidades de salvarla.\u00a0\u201cMe dijeron que si le operaban podr\u00eda quedar en estado vegetal o en silla de ruedas\u201d. La familia insisti\u00f3 en que se hiciera todo lo posible por evitar su muerte, pero no se pudo por las graves secuelas en la cabeza de la mujer. El 4 de mayo falleci\u00f3. Jonathan T. fue acusado por intento de femicidio, pero al confirmarse el deceso de Katherine, el delito cambi\u00f3 a presunto femicidio.\u00a0\u00c9l guarda prisi\u00f3n preventiva.\u00a0La audiencia de reformulaci\u00f3n de cargos se har\u00e1 este mi\u00e9rcoles, 24 de mayo. Los disparos hacia Katherine provocaron que chocara contra un puente.\u00a0(Foto: redes sociales ) JUSTICIA, TRANSPARENCIA Y REPARACI\u00d3N Ruth Quimbita, representante de la familia, pidi\u00f3 a las autoridades de justicia que el proceso sea transparente, breve y se consideren los agravantes como el hecho de que el polic\u00eda haya usado su arma de dotaci\u00f3n para asesinar a su pareja. \u201cSabemos que todas las pericias son llevadas a cabo por la Polic\u00eda, entonces\u00a0siempre tratan de tapar o encubrir ciertos detalles\u00a0que pueden llegar a ser muy relevantes para esta investigaci\u00f3n\u201d, asegur\u00f3 Quimbita. Agreg\u00f3 que el hijo de Katherine qued\u00f3 en la orfandad, por lo que necesitan \u201cque se pronuncie el MIES, para ver qu\u00e9 bonos le pueden entregar al ni\u00f1o y que obviamente se d\u00e9 la custodia legal a sus abuelos maternos\u201d. \u201cPido justicia, porque hay rumores de que este infeliz se lava las manos diciendo que unos sicarios le disparan, pero no,\u00a0el carro no tiene huellas de nada\u201d, mencion\u00f3 con voz entrecortada la madre de la v\u00edctima. En Ecuador,\u00a0cada 23 horas ocurre un feminicidio. Del primero de enero al 30 de abril del 2023 se contabilizan\u00a0122 muertes violentas de mujeres por razones de g\u00e9nero, seg\u00fan datos de la Fundaci\u00f3n Aldea. De ese n\u00famero, 58 casos fueron femicidios int\u00edmo, familiar, sexual y transfemicidios. Mientras que 64 fueron femicidios en sistemas criminales. Al menos 46 mujeres eran madres y por lo menos\u00a080 hijos e hijas quedaron en situaci\u00f3n de orfandad. Fuente: Vistazo<\/p>\n","protected":false},"author":1,"featured_media":10062,"comment_status":"open","ping_status":"open","sticky":false,"template":"","format":"standard","meta":{"footnotes":""},"categories":[268],"tags":[],"class_list":["post-10061","post","type-post","status-publish","format-standard","has-post-thumbnail","hentry","category-nacionales"],"_links":{"self":[{"href":"https:\/\/www.elamazonico.com\/portal\/wp-json\/wp\/v2\/posts\/10061","targetHints":{"allow":["GET"]}}],"collection":[{"href":"https:\/\/www.elamazonico.com\/portal\/wp-json\/wp\/v2\/posts"}],"about":[{"href":"https:\/\/www.elamazonico.com\/portal\/wp-json\/wp\/v2\/types\/post"}],"author":[{"embeddable":true,"href":"https:\/\/www.elamazonico.com\/portal\/wp-json\/wp\/v2\/users\/1"}],"replies":[{"embeddable":true,"href":"https:\/\/www.elamazonico.com\/portal\/wp-json\/wp\/v2\/comments?post=10061"}],"version-history":[{"count":2,"href":"https:\/\/www.elamazonico.com\/portal\/wp-json\/wp\/v2\/posts\/10061\/revisions"}],"predecessor-version":[{"id":10067,"href":"https:\/\/www.elamazonico.com\/portal\/wp-json\/wp\/v2\/posts\/10061\/revisions\/10067"}],"wp:featuredmedia":[{"embeddable":true,"href":"https:\/\/www.elamazonico.com\/portal\/wp-json\/wp\/v2\/media\/10062"}],"wp:attachment":[{"href":"https:\/\/www.elamazonico.com\/portal\/wp-json\/wp\/v2\/media?parent=10061"}],"wp:term":[{"taxonomy":"category","embeddable":true,"href":"https:\/\/www.elamazonico.com\/portal\/wp-json\/wp\/v2\/categories?post=10061"},{"taxonomy":"post_tag","embeddable":true,"href":"https:\/\/www.elamazonico.com\/portal\/wp-json\/wp\/v2\/tags?post=10061"}],"curies":[{"name":"wp","href":"https:\/\/api.w.org\/{rel}","templated":true}]}}