{"id":10049,"date":"2023-05-23T11:46:26","date_gmt":"2023-05-23T16:46:26","guid":{"rendered":"https:\/\/www.elamazonico.com\/portal\/?p=10049"},"modified":"2023-05-23T11:46:26","modified_gmt":"2023-05-23T16:46:26","slug":"cambios-en-el-gabinete-se-anunciaran-el-24-de-mayo","status":"publish","type":"post","link":"https:\/\/www.elamazonico.com\/portal\/cambios-en-el-gabinete-se-anunciaran-el-24-de-mayo\/","title":{"rendered":"Cambios en el gabinete se anunciar\u00e1n el 24 de Mayo"},"content":{"rendered":"<p>El presidente Guillermo Lasso entregar\u00e1 el Informe a la Naci\u00f3n este mi\u00e9rcoles, 24 de Mayo. Pero este tambi\u00e9n ser\u00e1 el espacio para anunciar cambios en el Gabinete. As\u00ed lo anunci\u00f3 el ministro de Gobierno, Henry Cucal\u00f3n, durante una entrevista en Ecuador TV.<\/p>\n<p>\u201cMa\u00f1ana, el presidente de la Rep\u00fablica cumple con un mandato Constitucional. Explicar\u00e1 qu\u00e9 es lo que ha hecho y cu\u00e1les son las metas del Gobierno Nacional para los pr\u00f3ximos meses. En ese d\u00eda sabr\u00e1n cu\u00e1les son los cambios que habr\u00e1 en el Gabinete\u201d, inform\u00f3.<\/p>\n<p>El ministro Cucal\u00f3n asegur\u00f3 que se tratar\u00e1 de cambios positivos. \u201cSiempre las l\u00edneas deben ser refrescadas. Los ministros somos fusibles\u201d, coment\u00f3 con respecto a las pr\u00f3ximas incorporaciones. Esto haciendo referencia a miembros de la bancada que, tras la disoluci\u00f3n de la Asamblea Nacional, se incorporar\u00e1n a las actividades del Ejecutivo.<\/p>\n<p>En cuanto a las pr\u00f3ximas elecciones, Cucal\u00f3n dijo que el presidente Guillermo Lasso \u201csiempre ser\u00e1 la primera opci\u00f3n\u201d. Explic\u00f3 que el Primer Mandatario jam\u00e1s dijo que no ser\u00eda candidato. Y, actualmente, est\u00e1 analizando esta decisi\u00f3n.<\/p>\n<p>Respecto a los perfiles que han anunciado su candidatura, mencion\u00f3 que es bueno que haya un ejercicio de participaci\u00f3n. \u201cSaludo que apenas se anunci\u00f3 la disoluci\u00f3n en la Asamblea, ciudadanos mostraron su inter\u00e9s en participar. As\u00ed se legitima la decisi\u00f3n del Gobierno\u201d.<\/p>\n<p>Mientras tanto, descart\u00f3 que Jan Topic sea el candidato del oficialismo. \u201cEvidentemente no apoyaremos a Jan Topic\u201d, asegur\u00f3 el Ministro de Gobierno. Y a\u00f1adi\u00f3 que \u201cel oficialismo tiene pleno derecho a presentar sus candidaturas\u201d. Pr\u00f3ximamente se conocer\u00e1 si presentan un representante propio o apoyan otra candidatura.<\/p>\n<p><strong>Reformas Econ\u00f3micas<\/strong><\/p>\n<p>\u201cHoy presentaremos el Decreto Ley que se refiere a la Zona Franca, un gran empuje a la econom\u00eda del pa\u00eds. Tiene beneficios, incentivos y zonas especiales que permitir\u00e1n actividades productivas\u201d, confirm\u00f3 Henry Cucal\u00f3n.<\/p>\n<p>Adem\u00e1s, en d\u00edas pasados, el Gobierno envi\u00f3 a la Corte Constitucional el Proyecto de Reforma Tributaria. Aunque el m\u00e1ximo organismo a\u00fan no se ha pronunciado, el secretario de Estado dijo que est\u00e1n \u201coptimistas a que la Corte de un dictamen favorable\u201d. Esto debido a que la propuesta beneficia a grandes sectores del pa\u00eds, especialmente a la clase media, por el alivio del pago del Impuesto a la Renta.<\/p>\n<p><strong>Seguridad<\/strong><\/p>\n<p>El Ministro de Gobierno tambi\u00e9n se refiri\u00f3 a las acciones a favor de la seguridad que se desarrollan actualmente. Sobre la Ley de Uso Leg\u00edtimo de la Fuerza, Cucal\u00f3n explic\u00f3 que esta \u201cprecisa, delimita pero no puede ir m\u00e1s all\u00e1 de los derechos b\u00e1sicos que siempre estuvieron\u201d. No obstante, se\u00f1ala que existen modificaciones puesto que este debe ser un apoyo la Polic\u00eda Nacional y Fuerzas Armadas.<\/p>\n<p>El ministro Cucal\u00f3n asegur\u00f3 que no hay polic\u00edas judicializados tras los \u00faltimos golpes al crimen organizado \u00abporque es un ejercicio en defensa del orden p\u00fablico\u00bb y un respaldo para que \u00abact\u00faen con firmeza y de forma contundente\u00bb. (I)<\/p>\n<p>Fuente: El t\u00e9grafo<\/p>\n","protected":false},"excerpt":{"rendered":"<p>El presidente Guillermo Lasso entregar\u00e1 el Informe a la Naci\u00f3n este mi\u00e9rcoles, 24 de Mayo. Pero este tambi\u00e9n ser\u00e1 el espacio para anunciar cambios en el Gabinete. As\u00ed lo anunci\u00f3 el ministro de Gobierno, Henry Cucal\u00f3n, durante una entrevista en Ecuador TV. \u201cMa\u00f1ana, el presidente de la Rep\u00fablica cumple con un mandato Constitucional. Explicar\u00e1 qu\u00e9 es lo que ha hecho y cu\u00e1les son las metas del Gobierno Nacional para los pr\u00f3ximos meses. En ese d\u00eda sabr\u00e1n cu\u00e1les son los cambios que habr\u00e1 en el Gabinete\u201d, inform\u00f3. El ministro Cucal\u00f3n asegur\u00f3 que se tratar\u00e1 de cambios positivos. \u201cSiempre las l\u00edneas deben ser refrescadas. Los ministros somos fusibles\u201d, coment\u00f3 con respecto a las pr\u00f3ximas incorporaciones. Esto haciendo referencia a miembros de la bancada que, tras la disoluci\u00f3n de la Asamblea Nacional, se incorporar\u00e1n a las actividades del Ejecutivo. En cuanto a las pr\u00f3ximas elecciones, Cucal\u00f3n dijo que el presidente Guillermo Lasso \u201csiempre ser\u00e1 la primera opci\u00f3n\u201d. Explic\u00f3 que el Primer Mandatario jam\u00e1s dijo que no ser\u00eda candidato. Y, actualmente, est\u00e1 analizando esta decisi\u00f3n. Respecto a los perfiles que han anunciado su candidatura, mencion\u00f3 que es bueno que haya un ejercicio de participaci\u00f3n. \u201cSaludo que apenas se anunci\u00f3 la disoluci\u00f3n en la Asamblea, ciudadanos mostraron su inter\u00e9s en participar. As\u00ed se legitima la decisi\u00f3n del Gobierno\u201d. Mientras tanto, descart\u00f3 que Jan Topic sea el candidato del oficialismo. \u201cEvidentemente no apoyaremos a Jan Topic\u201d, asegur\u00f3 el Ministro de Gobierno. Y a\u00f1adi\u00f3 que \u201cel oficialismo tiene pleno derecho a presentar sus candidaturas\u201d. Pr\u00f3ximamente se conocer\u00e1 si presentan un representante propio o apoyan otra candidatura. Reformas Econ\u00f3micas \u201cHoy presentaremos el Decreto Ley que se refiere a la Zona Franca, un gran empuje a la econom\u00eda del pa\u00eds. Tiene beneficios, incentivos y zonas especiales que permitir\u00e1n actividades productivas\u201d, confirm\u00f3 Henry Cucal\u00f3n. Adem\u00e1s, en d\u00edas pasados, el Gobierno envi\u00f3 a la Corte Constitucional el Proyecto de Reforma Tributaria. Aunque el m\u00e1ximo organismo a\u00fan no se ha pronunciado, el secretario de Estado dijo que est\u00e1n \u201coptimistas a que la Corte de un dictamen favorable\u201d. Esto debido a que la propuesta beneficia a grandes sectores del pa\u00eds, especialmente a la clase media, por el alivio del pago del Impuesto a la Renta. Seguridad El Ministro de Gobierno tambi\u00e9n se refiri\u00f3 a las acciones a favor de la seguridad que se desarrollan actualmente. Sobre la Ley de Uso Leg\u00edtimo de la Fuerza, Cucal\u00f3n explic\u00f3 que esta \u201cprecisa, delimita pero no puede ir m\u00e1s all\u00e1 de los derechos b\u00e1sicos que siempre estuvieron\u201d. No obstante, se\u00f1ala que existen modificaciones puesto que este debe ser un apoyo la Polic\u00eda Nacional y Fuerzas Armadas. El ministro Cucal\u00f3n asegur\u00f3 que no hay polic\u00edas judicializados tras los \u00faltimos golpes al crimen organizado \u00abporque es un ejercicio en defensa del orden p\u00fablico\u00bb y un respaldo para que \u00abact\u00faen con firmeza y de forma contundente\u00bb. (I) Fuente: El t\u00e9grafo<\/p>\n","protected":false},"author":1,"featured_media":10050,"comment_status":"open","ping_status":"open","sticky":false,"template":"","format":"standard","meta":{"footnotes":""},"categories":[268],"tags":[],"class_list":["post-10049","post","type-post","status-publish","format-standard","has-post-thumbnail","hentry","category-nacionales"],"_links":{"self":[{"href":"https:\/\/www.elamazonico.com\/portal\/wp-json\/wp\/v2\/posts\/10049","targetHints":{"allow":["GET"]}}],"collection":[{"href":"https:\/\/www.elamazonico.com\/portal\/wp-json\/wp\/v2\/posts"}],"about":[{"href":"https:\/\/www.elamazonico.com\/portal\/wp-json\/wp\/v2\/types\/post"}],"author":[{"embeddable":true,"href":"https:\/\/www.elamazonico.com\/portal\/wp-json\/wp\/v2\/users\/1"}],"replies":[{"embeddable":true,"href":"https:\/\/www.elamazonico.com\/portal\/wp-json\/wp\/v2\/comments?post=10049"}],"version-history":[{"count":1,"href":"https:\/\/www.elamazonico.com\/portal\/wp-json\/wp\/v2\/posts\/10049\/revisions"}],"predecessor-version":[{"id":10051,"href":"https:\/\/www.elamazonico.com\/portal\/wp-json\/wp\/v2\/posts\/10049\/revisions\/10051"}],"wp:featuredmedia":[{"embeddable":true,"href":"https:\/\/www.elamazonico.com\/portal\/wp-json\/wp\/v2\/media\/10050"}],"wp:attachment":[{"href":"https:\/\/www.elamazonico.com\/portal\/wp-json\/wp\/v2\/media?parent=10049"}],"wp:term":[{"taxonomy":"category","embeddable":true,"href":"https:\/\/www.elamazonico.com\/portal\/wp-json\/wp\/v2\/categories?post=10049"},{"taxonomy":"post_tag","embeddable":true,"href":"https:\/\/www.elamazonico.com\/portal\/wp-json\/wp\/v2\/tags?post=10049"}],"curies":[{"name":"wp","href":"https:\/\/api.w.org\/{rel}","templated":true}]}}