{"id":10023,"date":"2023-05-21T13:15:40","date_gmt":"2023-05-21T18:15:40","guid":{"rendered":"https:\/\/www.elamazonico.com\/portal\/?p=10023"},"modified":"2023-05-21T13:15:40","modified_gmt":"2023-05-21T18:15:40","slug":"cucalon-aconsejaria-al-presidente-lasso-que-se-presente-a-las-proximas-elecciones","status":"publish","type":"post","link":"https:\/\/www.elamazonico.com\/portal\/cucalon-aconsejaria-al-presidente-lasso-que-se-presente-a-las-proximas-elecciones\/","title":{"rendered":"Cucal\u00f3n: \u00abAconsejar\u00eda al presidente Lasso que se presente a las pr\u00f3ximas elecciones\u00bb"},"content":{"rendered":"<p>El ministro de Gobierno, Henry Cucal\u00f3n, considera que el presidente Guillermo Lasso deber\u00eda presentarse a las pr\u00f3ximas elecciones.<\/p>\n<p>En una entrevista con El Universo, \u00e9l dio sus razones. \u00abEs como un desaf\u00edo hacerlo, porque este tipo de elecciones anticipadas son b\u00e1sicamente para zanjar una crisis pol\u00edtica y optar por una ratificaci\u00f3n. Yo le aconsejar\u00eda que lo haga, pero en todo caso, \u00e9l es quien tiene que tomar la decisi\u00f3n y anunciarla p\u00fablicamente en su debido momento\u00bb, dijo Cucal\u00f3n este s\u00e1bado 20 de mayo de 2023.<\/p>\n<p>Adem\u00e1s, explic\u00f3 el camino que podr\u00eda tomarse, si se presenta otro escenario. \u00abSin perjuicio de los di\u00e1logos, en los pr\u00f3ximos d\u00edas el presidente de la Rep\u00fablica debe hacer p\u00fablica su decisi\u00f3n si es candidato, y si no se presenta, c\u00f3mo se va a apoyar a armar una coalici\u00f3n. Si el presidente opta por ir a una candidatura que sea parte de un eje de concertaci\u00f3n y no ir por un solo partido\u00bb, agreg\u00f3.<\/p>\n<p>Sobre esa definici\u00f3n de candidaturas, Cucal\u00f3n explic\u00f3 que la idea es rodearse de elementos que aporten, incluyendo a exasamble\u00edstas aliados. \u00abSi lo importante es sumar, no podemos soltar la mano de nadie que quiere ser parte de un proyecto democr\u00e1tico en el Ecuador\u00bb.<\/p>\n<p>Por otro lado, Cucal\u00f3n explic\u00f3 que la muerte cruzada no fue para evitar el juicio pol\u00edtico, porque de todas maneras la Asamblea no contaba con los votos para destituirlo. \u00abEl presidente de la Rep\u00fablica iba a ser absuelto, porque nunca hubo los votos, y al d\u00eda siguiente hubieran seguido todos los afanes de obstrucci\u00f3n y desestabilizaci\u00f3n. Entonces, esta es una salida constitucional debidamente amparada\u00bb. Fuente: El Tel\u00e9grafo<\/p>\n","protected":false},"excerpt":{"rendered":"<p>El ministro de Gobierno, Henry Cucal\u00f3n, considera que el presidente Guillermo Lasso deber\u00eda presentarse a las pr\u00f3ximas elecciones. En una entrevista con El Universo, \u00e9l dio sus razones. \u00abEs como un desaf\u00edo hacerlo, porque este tipo de elecciones anticipadas son b\u00e1sicamente para zanjar una crisis pol\u00edtica y optar por una ratificaci\u00f3n. Yo le aconsejar\u00eda que lo haga, pero en todo caso, \u00e9l es quien tiene que tomar la decisi\u00f3n y anunciarla p\u00fablicamente en su debido momento\u00bb, dijo Cucal\u00f3n este s\u00e1bado 20 de mayo de 2023. Adem\u00e1s, explic\u00f3 el camino que podr\u00eda tomarse, si se presenta otro escenario. \u00abSin perjuicio de los di\u00e1logos, en los pr\u00f3ximos d\u00edas el presidente de la Rep\u00fablica debe hacer p\u00fablica su decisi\u00f3n si es candidato, y si no se presenta, c\u00f3mo se va a apoyar a armar una coalici\u00f3n. Si el presidente opta por ir a una candidatura que sea parte de un eje de concertaci\u00f3n y no ir por un solo partido\u00bb, agreg\u00f3. Sobre esa definici\u00f3n de candidaturas, Cucal\u00f3n explic\u00f3 que la idea es rodearse de elementos que aporten, incluyendo a exasamble\u00edstas aliados. \u00abSi lo importante es sumar, no podemos soltar la mano de nadie que quiere ser parte de un proyecto democr\u00e1tico en el Ecuador\u00bb. Por otro lado, Cucal\u00f3n explic\u00f3 que la muerte cruzada no fue para evitar el juicio pol\u00edtico, porque de todas maneras la Asamblea no contaba con los votos para destituirlo. \u00abEl presidente de la Rep\u00fablica iba a ser absuelto, porque nunca hubo los votos, y al d\u00eda siguiente hubieran seguido todos los afanes de obstrucci\u00f3n y desestabilizaci\u00f3n. Entonces, esta es una salida constitucional debidamente amparada\u00bb. Fuente: El Tel\u00e9grafo<\/p>\n","protected":false},"author":1,"featured_media":10024,"comment_status":"open","ping_status":"open","sticky":false,"template":"","format":"standard","meta":{"footnotes":""},"categories":[268],"tags":[],"class_list":["post-10023","post","type-post","status-publish","format-standard","has-post-thumbnail","hentry","category-nacionales"],"_links":{"self":[{"href":"https:\/\/www.elamazonico.com\/portal\/wp-json\/wp\/v2\/posts\/10023","targetHints":{"allow":["GET"]}}],"collection":[{"href":"https:\/\/www.elamazonico.com\/portal\/wp-json\/wp\/v2\/posts"}],"about":[{"href":"https:\/\/www.elamazonico.com\/portal\/wp-json\/wp\/v2\/types\/post"}],"author":[{"embeddable":true,"href":"https:\/\/www.elamazonico.com\/portal\/wp-json\/wp\/v2\/users\/1"}],"replies":[{"embeddable":true,"href":"https:\/\/www.elamazonico.com\/portal\/wp-json\/wp\/v2\/comments?post=10023"}],"version-history":[{"count":1,"href":"https:\/\/www.elamazonico.com\/portal\/wp-json\/wp\/v2\/posts\/10023\/revisions"}],"predecessor-version":[{"id":10025,"href":"https:\/\/www.elamazonico.com\/portal\/wp-json\/wp\/v2\/posts\/10023\/revisions\/10025"}],"wp:featuredmedia":[{"embeddable":true,"href":"https:\/\/www.elamazonico.com\/portal\/wp-json\/wp\/v2\/media\/10024"}],"wp:attachment":[{"href":"https:\/\/www.elamazonico.com\/portal\/wp-json\/wp\/v2\/media?parent=10023"}],"wp:term":[{"taxonomy":"category","embeddable":true,"href":"https:\/\/www.elamazonico.com\/portal\/wp-json\/wp\/v2\/categories?post=10023"},{"taxonomy":"post_tag","embeddable":true,"href":"https:\/\/www.elamazonico.com\/portal\/wp-json\/wp\/v2\/tags?post=10023"}],"curies":[{"name":"wp","href":"https:\/\/api.w.org\/{rel}","templated":true}]}}