{"id":10005,"date":"2023-05-21T12:12:11","date_gmt":"2023-05-21T17:12:11","guid":{"rendered":"https:\/\/www.elamazonico.com\/portal\/?p=10005"},"modified":"2023-05-21T12:12:11","modified_gmt":"2023-05-21T17:12:11","slug":"alias-morro-habria-sido-el-objetivo-del-ataque-en-montanita","status":"publish","type":"post","link":"https:\/\/www.elamazonico.com\/portal\/alias-morro-habria-sido-el-objetivo-del-ataque-en-montanita\/","title":{"rendered":"Alias Morro habr\u00eda sido el objetivo del ataque en Monta\u00f1ita"},"content":{"rendered":"<h2 class=\"fw-normal\">Al momento, las unidades de Inteligencia de la Polic\u00eda Nacional confirman la relaci\u00f3n de la v\u00edctima con el Grupo de Delincuencia Organizada (GDO), Los \u00c1guilas<\/h2>\n<p>El\u00a0<a href=\"https:\/\/www.ecuavisa.com\/noticias\/seguridad\/el-ataque-armado-en-montanita-dejo-seis-personas-fallecidas-YK5194357\" target=\"_blank\" rel=\"noopener noreferrer\">ataque perpetrado al interior de un restaurante de la\u00a0<b>localidad tur\u00edstica de Monta\u00f1ita<\/b><\/a>, en la provincia de\u00a0<b>Santa Elena<\/b>, moviliz\u00f3 a las unidades especiales de Inteligencia de la Polic\u00eda Nacional.<\/p>\n<p>En las investigaciones se confirm\u00f3 que el objetivo del ataque fue\u00a0<b>alias Morro<\/b>. \u00abSe est\u00e1 confirmando su relaci\u00f3n con el\u00a0<b>Grupo de Delincuencia Organizada (GDO) Los \u00c1guilas<\/b>\u00ab, inform\u00f3 a Ecuavisa.com el comandante de la Polic\u00eda Nacional,\u00a0<b>general Fausto Salinas<\/b>.<\/p>\n<p>https:\/\/twitter.com\/EcuavisaInforma\/status\/1660291922735296512<\/p>\n<p>La<b>\u00a0Fiscal\u00eda General<\/b>\u00a0abri\u00f3 una investigaci\u00f3n previa por el ataque armado que provoc\u00f3 la muerte de seis personas y otras seis resultaron heridas. Se realiz\u00f3 el<b>\u00a0levantamiento de los cad\u00e1veres<\/b>\u00a0y la recolecci\u00f3n de indicios.<\/p>\n<p>El<a href=\"https:\/\/www.ecuavisa.com\/noticias\/seguridad\/santa-elena-hombre-victima-de-disparo-en-montanita-no-murio-XF4986167\" target=\"_blank\" rel=\"nofollow noopener noreferrer\">\u00a0coronel Juan Carlos Soria, comandante policial de Santa Elena<\/a>, inform\u00f3 que el hecho ocurri\u00f3 aproximadamente a las 20:30. Ahora, las unidades de Inteligencia investigan la identidad de quienes abrieron fuego contra las v\u00edctimas.<\/p>\n<p>Seg\u00fan la Fiscal\u00eda, entre las evidencias se encuentran vainas percutidas de armas de fuego,\u00a0<b>tres tel\u00e9fonos celulares y sustancias sujetas a fiscalizaci\u00f3n (a\u00fan no cuantificadas)<\/b>. Se ofici\u00f3 la extracci\u00f3n de informaci\u00f3n de<b>\u00a0c\u00e1maras de seguridad<\/b>, para tratar de identificar a los responsables.<\/p>\n<p>En\u00a0<b>videos que se viralizaron en redes sociales<\/b>\u00a0se pudo visualizar a personas tendidas en el suelo, mientras que otros desesperados\u00a0<b>intentan socorrer y pedir ayuda en el lugar<\/b>. En otra grabaci\u00f3n que circul\u00f3, en cambio, se pudo ver el momento del ataque: tres hombres, vestidos de blanco y dos de ellos con gorra, proporcionan varios disparos desde la entrada del local. La grabaci\u00f3n dura cuatro segundos.<\/p>\n<p>Entre los muertos habr\u00eda\u00a0<b>una mujer embarazada<\/b>, pero eso a\u00fan no se confirma en la Polic\u00eda Nacional. En los pr\u00f3ximos minutos se prev\u00e9 una rueda de prensa en la\u00a0<b>Comandancia de Santa Elena<\/b> para informar sobre los avances de las investigaciones en este caso. <strong>Fuente: Ecuavisa<\/strong><\/p>\n","protected":false},"excerpt":{"rendered":"<p>Al momento, las unidades de Inteligencia de la Polic\u00eda Nacional confirman la relaci\u00f3n de la v\u00edctima con el Grupo de Delincuencia Organizada (GDO), Los \u00c1guilas El\u00a0ataque perpetrado al interior de un restaurante de la\u00a0localidad tur\u00edstica de Monta\u00f1ita, en la provincia de\u00a0Santa Elena, moviliz\u00f3 a las unidades especiales de Inteligencia de la Polic\u00eda Nacional. En las investigaciones se confirm\u00f3 que el objetivo del ataque fue\u00a0alias Morro. \u00abSe est\u00e1 confirmando su relaci\u00f3n con el\u00a0Grupo de Delincuencia Organizada (GDO) Los \u00c1guilas\u00ab, inform\u00f3 a Ecuavisa.com el comandante de la Polic\u00eda Nacional,\u00a0general Fausto Salinas. https:\/\/twitter.com\/EcuavisaInforma\/status\/1660291922735296512 La\u00a0Fiscal\u00eda General\u00a0abri\u00f3 una investigaci\u00f3n previa por el ataque armado que provoc\u00f3 la muerte de seis personas y otras seis resultaron heridas. Se realiz\u00f3 el\u00a0levantamiento de los cad\u00e1veres\u00a0y la recolecci\u00f3n de indicios. El\u00a0coronel Juan Carlos Soria, comandante policial de Santa Elena, inform\u00f3 que el hecho ocurri\u00f3 aproximadamente a las 20:30. Ahora, las unidades de Inteligencia investigan la identidad de quienes abrieron fuego contra las v\u00edctimas. Seg\u00fan la Fiscal\u00eda, entre las evidencias se encuentran vainas percutidas de armas de fuego,\u00a0tres tel\u00e9fonos celulares y sustancias sujetas a fiscalizaci\u00f3n (a\u00fan no cuantificadas). Se ofici\u00f3 la extracci\u00f3n de informaci\u00f3n de\u00a0c\u00e1maras de seguridad, para tratar de identificar a los responsables. En\u00a0videos que se viralizaron en redes sociales\u00a0se pudo visualizar a personas tendidas en el suelo, mientras que otros desesperados\u00a0intentan socorrer y pedir ayuda en el lugar. En otra grabaci\u00f3n que circul\u00f3, en cambio, se pudo ver el momento del ataque: tres hombres, vestidos de blanco y dos de ellos con gorra, proporcionan varios disparos desde la entrada del local. La grabaci\u00f3n dura cuatro segundos. Entre los muertos habr\u00eda\u00a0una mujer embarazada, pero eso a\u00fan no se confirma en la Polic\u00eda Nacional. En los pr\u00f3ximos minutos se prev\u00e9 una rueda de prensa en la\u00a0Comandancia de Santa Elena para informar sobre los avances de las investigaciones en este caso. Fuente: Ecuavisa<\/p>\n","protected":false},"author":1,"featured_media":10006,"comment_status":"open","ping_status":"open","sticky":false,"template":"","format":"standard","meta":{"footnotes":""},"categories":[268],"tags":[],"class_list":["post-10005","post","type-post","status-publish","format-standard","has-post-thumbnail","hentry","category-nacionales"],"_links":{"self":[{"href":"https:\/\/www.elamazonico.com\/portal\/wp-json\/wp\/v2\/posts\/10005","targetHints":{"allow":["GET"]}}],"collection":[{"href":"https:\/\/www.elamazonico.com\/portal\/wp-json\/wp\/v2\/posts"}],"about":[{"href":"https:\/\/www.elamazonico.com\/portal\/wp-json\/wp\/v2\/types\/post"}],"author":[{"embeddable":true,"href":"https:\/\/www.elamazonico.com\/portal\/wp-json\/wp\/v2\/users\/1"}],"replies":[{"embeddable":true,"href":"https:\/\/www.elamazonico.com\/portal\/wp-json\/wp\/v2\/comments?post=10005"}],"version-history":[{"count":1,"href":"https:\/\/www.elamazonico.com\/portal\/wp-json\/wp\/v2\/posts\/10005\/revisions"}],"predecessor-version":[{"id":10007,"href":"https:\/\/www.elamazonico.com\/portal\/wp-json\/wp\/v2\/posts\/10005\/revisions\/10007"}],"wp:featuredmedia":[{"embeddable":true,"href":"https:\/\/www.elamazonico.com\/portal\/wp-json\/wp\/v2\/media\/10006"}],"wp:attachment":[{"href":"https:\/\/www.elamazonico.com\/portal\/wp-json\/wp\/v2\/media?parent=10005"}],"wp:term":[{"taxonomy":"category","embeddable":true,"href":"https:\/\/www.elamazonico.com\/portal\/wp-json\/wp\/v2\/categories?post=10005"},{"taxonomy":"post_tag","embeddable":true,"href":"https:\/\/www.elamazonico.com\/portal\/wp-json\/wp\/v2\/tags?post=10005"}],"curies":[{"name":"wp","href":"https:\/\/api.w.org\/{rel}","templated":true}]}}