{"id":10001,"date":"2023-05-21T12:00:31","date_gmt":"2023-05-21T17:00:31","guid":{"rendered":"https:\/\/www.elamazonico.com\/portal\/?p=10001"},"modified":"2023-05-21T12:07:25","modified_gmt":"2023-05-21T17:07:25","slug":"la-policia-investiga-el-paradero-del-agresor-un-pariente-de-la-victima-el-fallecido-recibio-dos-impactos-de-bala-uno-a-la-altura-del-rostro-y-otro-en-la-parte-lateral-de-la-cabeza","status":"publish","type":"post","link":"https:\/\/www.elamazonico.com\/portal\/la-policia-investiga-el-paradero-del-agresor-un-pariente-de-la-victima-el-fallecido-recibio-dos-impactos-de-bala-uno-a-la-altura-del-rostro-y-otro-en-la-parte-lateral-de-la-cabeza\/","title":{"rendered":"La Polic\u00eda investiga el paradero del agresor, un pariente de la v\u00edctima. El fallecido recibi\u00f3 dos impactos de bala. Uno a la altura del rostro y otro en la parte lateral de la cabeza."},"content":{"rendered":"<p><b>Jos\u00e9 Cortez Delgado<\/b>, presidente del<b>\u00a0Gobierno Parroquial de Alto Tambo<\/b>, de la jurisdicci\u00f3n de\u00a0<b>San Lorenzo\u00a0<\/b><a href=\"https:\/\/www.ecuavisa.com\/noticias\/seguridad\/delincuencia-atemoriza-a-esmeraldas-cuales-son-los-delitos-que-mas-se-cometen-en-esta-provincia-JY3463856\"><u><b>en la provincia Esmeraldas<\/b><\/u><u>, frontera con\u00a0<\/u><\/a><u><b><a href=\"https:\/\/www.ecuavisa.com\/noticias\/seguridad\/delincuencia-atemoriza-a-esmeraldas-cuales-son-los-delitos-que-mas-se-cometen-en-esta-provincia-JY3463856\">Colombia<\/a><\/b><\/u>, fue asesinado la tarde del 20 de mayo de 2023.<\/p>\n<p>Seg\u00fan el parte de la<a href=\"https:\/\/www.ecuavisa.com\/noticias\/ecuador\/policia-logra-dos-certificaciones-internacionales-por-labor-de-dinased-en-quito-DC2172140\" target=\"_blank\" rel=\"noopener noreferrer\">\u00a0<b>Direcci\u00f3n Nacional de Delitos contra la Vida, Muertes Violentas, Desapariciones, Extorsi\u00f3n y Secuestro (Dinased)<\/b><\/a>, el hecho ocurri\u00f3 en la v\u00eda San Lorenzo &#8211; Ibarra, espec\u00edficamente en los bajos del GAD de esa parroquia.<\/p>\n<p>La v\u00edctima fue trasladada a un centro asistencial en donde muri\u00f3 por la gravedad de dos impactos de bala. Uno a la altura del rostro y otro en la parte lateral de la cabeza. Una persona que acompa\u00f1aba a Cortez Delgado dijo que \u00e9l mantuvo una reuni\u00f3n en la\u00a0<b>Junta Parroquial de Alto Tambo<\/b>\u00a0y fue sorprendido por un familiar, quien le dispar\u00f3.<\/p>\n<div id=\"center1\" class=\"my-4\" align=\"center\" data-ads=\"center1\" data-ad=\"top-generico\"><\/div>\n<p>Segundos despu\u00e9s, el agresor huy\u00f3 en precipitada carrera con rumbo desconocido. El\u00a0<b>general Fausto Buena\u00f1o<\/b>, comandante de Esmeraldas, dijo que se ha emitido la boleta de captura, se lo ha identificado y se desconoce\u00a0<b>la causa del crimen.<\/b><\/p>\n<p>La v\u00edctima perteneci\u00f3 al\u00a0<b>movimiento Revoluci\u00f3n Ciudadana<\/b>. El expresidente,\u00a0<b>Rafael Correa,<\/b>\u00a0lament\u00f3 lo sucedido. Lo mismo pas\u00f3 con Paola Pab\u00f3n, prefecta de Pichincha, quien se solidariz\u00f3 en su cuenta de Twitter con los allegados de la v\u00edctima.<\/p>\n<p>El\u00a0<b>Consejo Nacional de Gobiernos Parroquiales Rurales (Conagopare)<\/b>\u00a0expres\u00f3 su pesar, por el fallecimiento de Jos\u00e9 Cortez. \u00abNos unimos en\u00a0<a href=\"https:\/\/https\/\/www.ecuavisa.com\/noticias\/seguridad\/esmeraldas-se-volvio-un-pueblo-fantasma-mientras-una-banda-iba-camino-al-cementerio-a-enterrar-a-uno-de-los-suyos-XC3433642\">su dolor por tan\u00a0<b>irreparable p\u00e9rdida<\/b><\/a>\u00ab. <strong>Fuente: Ecuavisa<\/strong><\/p>\n","protected":false},"excerpt":{"rendered":"<p>Jos\u00e9 Cortez Delgado, presidente del\u00a0Gobierno Parroquial de Alto Tambo, de la jurisdicci\u00f3n de\u00a0San Lorenzo\u00a0en la provincia Esmeraldas, frontera con\u00a0Colombia, fue asesinado la tarde del 20 de mayo de 2023. Seg\u00fan el parte de la\u00a0Direcci\u00f3n Nacional de Delitos contra la Vida, Muertes Violentas, Desapariciones, Extorsi\u00f3n y Secuestro (Dinased), el hecho ocurri\u00f3 en la v\u00eda San Lorenzo &#8211; Ibarra, espec\u00edficamente en los bajos del GAD de esa parroquia. La v\u00edctima fue trasladada a un centro asistencial en donde muri\u00f3 por la gravedad de dos impactos de bala. Uno a la altura del rostro y otro en la parte lateral de la cabeza. Una persona que acompa\u00f1aba a Cortez Delgado dijo que \u00e9l mantuvo una reuni\u00f3n en la\u00a0Junta Parroquial de Alto Tambo\u00a0y fue sorprendido por un familiar, quien le dispar\u00f3. Segundos despu\u00e9s, el agresor huy\u00f3 en precipitada carrera con rumbo desconocido. El\u00a0general Fausto Buena\u00f1o, comandante de Esmeraldas, dijo que se ha emitido la boleta de captura, se lo ha identificado y se desconoce\u00a0la causa del crimen. La v\u00edctima perteneci\u00f3 al\u00a0movimiento Revoluci\u00f3n Ciudadana. El expresidente,\u00a0Rafael Correa,\u00a0lament\u00f3 lo sucedido. Lo mismo pas\u00f3 con Paola Pab\u00f3n, prefecta de Pichincha, quien se solidariz\u00f3 en su cuenta de Twitter con los allegados de la v\u00edctima. El\u00a0Consejo Nacional de Gobiernos Parroquiales Rurales (Conagopare)\u00a0expres\u00f3 su pesar, por el fallecimiento de Jos\u00e9 Cortez. \u00abNos unimos en\u00a0su dolor por tan\u00a0irreparable p\u00e9rdida\u00ab. Fuente: Ecuavisa<\/p>\n","protected":false},"author":1,"featured_media":10002,"comment_status":"open","ping_status":"open","sticky":false,"template":"","format":"standard","meta":{"footnotes":""},"categories":[268],"tags":[],"class_list":["post-10001","post","type-post","status-publish","format-standard","has-post-thumbnail","hentry","category-nacionales"],"_links":{"self":[{"href":"https:\/\/www.elamazonico.com\/portal\/wp-json\/wp\/v2\/posts\/10001","targetHints":{"allow":["GET"]}}],"collection":[{"href":"https:\/\/www.elamazonico.com\/portal\/wp-json\/wp\/v2\/posts"}],"about":[{"href":"https:\/\/www.elamazonico.com\/portal\/wp-json\/wp\/v2\/types\/post"}],"author":[{"embeddable":true,"href":"https:\/\/www.elamazonico.com\/portal\/wp-json\/wp\/v2\/users\/1"}],"replies":[{"embeddable":true,"href":"https:\/\/www.elamazonico.com\/portal\/wp-json\/wp\/v2\/comments?post=10001"}],"version-history":[{"count":2,"href":"https:\/\/www.elamazonico.com\/portal\/wp-json\/wp\/v2\/posts\/10001\/revisions"}],"predecessor-version":[{"id":10004,"href":"https:\/\/www.elamazonico.com\/portal\/wp-json\/wp\/v2\/posts\/10001\/revisions\/10004"}],"wp:featuredmedia":[{"embeddable":true,"href":"https:\/\/www.elamazonico.com\/portal\/wp-json\/wp\/v2\/media\/10002"}],"wp:attachment":[{"href":"https:\/\/www.elamazonico.com\/portal\/wp-json\/wp\/v2\/media?parent=10001"}],"wp:term":[{"taxonomy":"category","embeddable":true,"href":"https:\/\/www.elamazonico.com\/portal\/wp-json\/wp\/v2\/categories?post=10001"},{"taxonomy":"post_tag","embeddable":true,"href":"https:\/\/www.elamazonico.com\/portal\/wp-json\/wp\/v2\/tags?post=10001"}],"curies":[{"name":"wp","href":"https:\/\/api.w.org\/{rel}","templated":true}]}}